{"id":4535,"date":"2023-10-18T15:49:07","date_gmt":"2023-10-18T14:49:07","guid":{"rendered":"https:\/\/habilis.ro-botica.com\/fixing-the-future-2023-construint-lescola-del-futur\/"},"modified":"2024-06-25T12:26:03","modified_gmt":"2024-06-25T11:26:03","slug":"fixing-the-future-2023-construiendo-la-escuela-del-futuro","status":"publish","type":"post","link":"https:\/\/habilis.ro-botica.com\/es\/fixing-the-future-2023-construiendo-la-escuela-del-futuro\/","title":{"rendered":"Fixing the Future 2023: Construiendo la escuela del futuro"},"content":{"rendered":"\n<p>Habilis y Abacus organizaron los pasados d\u00edas 12, 13 y 14 de octubre el festival Fixing the Future al Dise\u00f1o Hub de Barcelona. En paralelo en las conferencias y mesas redondas que tuvieron lugar dentro del certamen, el Fixing The Future tambi\u00e9n acogi\u00f3 talleres relacionados con los nuevos contenidos y m\u00e9todos educativos que est\u00e1n empezando a implementarse en las escuelas.<\/p>\n\n\n\n<p>La utilizaci\u00f3n \u00e9tica de la IA, la Realidad Virtual y la Realidad Aumentada como herramientas educativas, el funcionamiento de la placa de programaci\u00f3n micro:bit o el microscopio de papel Foldscope o el peligro de las \u2018Fake News\u2019 en las escuelas, entre otros temas, centraron estas actividades, las cuales contaron con la participaci\u00f3n de docentes de varias escuelas del pa\u00eds.<\/p>\n\n\n\n<h3 class=\"wp-block-heading\">1. IA en entornos educativos: principios, uso y \u00e9tica<\/h3>\n\n\n\n<p>Lo primero \u2018workshop\u2019 del festival se centr\u00f3 en uno de los temas del momento: La utilizaci\u00f3n de la Inteligencia Artificial y qu\u00e9 papel tiene que jugar en la docencia. Fue impartido por el catedr\u00e1tico de la Salle-URL Xavier Vilas\u00eds, uno de los principales expertos a nuestro pa\u00eds en ciencia de datos, redes neuronales, aprendizaje artificial e inteligencia artificial.<\/p>\n\n\n\n<p>Vilas\u00eds present\u00f3 algunos casos y aplicaciones reales del uso de la IA, hecho que sirvi\u00f3 para entablar un interesante debate con los docentes presentes y plantear varios escenarios o alternativas sobre como actuar. Tal como se\u00f1al\u00f3, \u201clas IA, como Chat GPT, si las utilizamos bien, pueden ser una herramienta con mucha potencia\u201d, pero Vilas\u00eds tambi\u00e9n record\u00f3 que \u201cChat GPT no sabe, solo mujer la palabra m\u00e1s probable en un contexto determinado, los \u00fanicos capaces de saber si el que dice es correcto somos nosotros\u201d.<\/p>\n\n\n\n<h3 class=\"wp-block-heading\">2. Pensamiento computacional en la escuela: Introducci\u00f3n a las STEAM con micro:bit<\/h3>\n\n\n\n<p>Uno de los nombres de este Fixing the Future fue el de \u201cmicro:bit\u201d, la placa de programaci\u00f3n que ya ha llegado a las escuelas de 60 pa\u00edses diferentes. En un taller impartido por el profesor y Micro:bit Champion, Llu\u00eds Molas, los asistentes pudieron dar sus primeros pasos con esta placa y la programaci\u00f3n por bloques.<\/p>\n\n\n\n<p>Adem\u00e1s, Molas habl\u00f3 sobre como introducir esta herramienta de manera multidisciplinar en el aula, no solo en las horas de tecnolog\u00eda o inform\u00e1tica, sino como un instrumento para trabajar en proyectos transversales.<\/p>\n\n\n\n<figure class=\"wp-block-image size-large\"><img loading=\"lazy\" decoding=\"async\" width=\"1024\" height=\"664\" src=\"https:\/\/habilis.ro-botica.com\/wp-content\/uploads\/2024\/04\/DSC_0430-qe1t63wyptvyp3x0qf6nwdzzvycj5r2azs1sttaxjs-1024x664.jpg\" alt=\"\" class=\"wp-image-919\" srcset=\"https:\/\/habilis.ro-botica.com\/wp-content\/uploads\/2024\/04\/DSC_0430-qe1t63wyptvyp3x0qf6nwdzzvycj5r2azs1sttaxjs-1024x664.jpg 1024w, https:\/\/habilis.ro-botica.com\/wp-content\/uploads\/2024\/04\/DSC_0430-qe1t63wyptvyp3x0qf6nwdzzvycj5r2azs1sttaxjs-300x194.jpg 300w, https:\/\/habilis.ro-botica.com\/wp-content\/uploads\/2024\/04\/DSC_0430-qe1t63wyptvyp3x0qf6nwdzzvycj5r2azs1sttaxjs-768x498.jpg 768w, https:\/\/habilis.ro-botica.com\/wp-content\/uploads\/2024\/04\/DSC_0430-qe1t63wyptvyp3x0qf6nwdzzvycj5r2azs1sttaxjs-600x389.jpg 600w, https:\/\/habilis.ro-botica.com\/wp-content\/uploads\/2024\/04\/DSC_0430-qe1t63wyptvyp3x0qf6nwdzzvycj5r2azs1sttaxjs.jpg 1080w\" sizes=\"auto, (max-width: 1024px) 100vw, 1024px\" \/><\/figure>\n\n\n\n<h3 class=\"wp-block-heading\">3. Educar en las Fake News: como ense\u00f1ar los j\u00f3venes a contrastar informaciones y identificar las fuentes fiables.<\/h3>\n\n\n\n<p>\u201cLas fake news se difunden 6 veces m\u00e1s r\u00e1pido que las noticias normales\u201d, as\u00ed de clara fue la periodista de El Peri\u00f3dico, Valentina Raffio, encargada de impartir esta charla sobre \u2018Fake News\u2019 y desinformaci\u00f3n. La cantidad de datos, noticias, fotos, videos y est\u00edmulos que llegan a nuestros alumnos a trav\u00e9s de las redes sociales, a menudo es complicada de gestionar, sobre todo desde la posici\u00f3n de los docentes en las escuelas.<\/p>\n\n\n\n<p>Durante esta sesi\u00f3n, Raffio dio algunas claves sobre como discernir la informaci\u00f3n y como abordar desde la pedagog\u00eda los rumores, las noticias falsas y la desinformaci\u00f3n, puesto que se trata de un trabajo que familias y docentes tendr\u00e1n que hacer gradualmente: \u201cReuiere mucho m\u00e1s tiempo informar correctamente que desinformar. Hay que hacerlo desde la pedagog\u00eda\u201d.<\/p>\n\n\n\n<h3 class=\"wp-block-heading\">4. Como fomentar la creatividad de los j\u00f3venes y las vocaciones cient\u00edficas a trav\u00e9s de la metodolog\u00eda STEAM<\/h3>\n\n\n\n<p>El Fixing the Future tambi\u00e9n nos sirvi\u00f3 para conocer modelos educativos de \u00e9xito, como es el caso que nos present\u00f3 la profesora de bachillerato, Al\u00edcia L\u00f3pez, coorganizadora de la Hackat\u00f3 CIC Bachillerats -MIT de Massachusetts, la cual, en su edici\u00f3n de 2023, acogi\u00f3 110 alumnos de once escuelas diferentes.<\/p>\n\n\n\n<p>Nos explic\u00f3 de donde surgi\u00f3 esta idea y qu\u00e9 es la din\u00e1mica de una Hackat\u00f3n, donde los alumnos trabajan conjuntamente por grupos para desarrollar proyectos que combinan tecnolog\u00eda con otras disciplinas, tanto cient\u00edficas como human\u00edsticas. La iniciativa despert\u00f3 inter\u00e9s entre los docentes, los cuales tambi\u00e9n le pidieron a L\u00f3pez m\u00e1s ejemplos y consejos sobre como trabajar con proyectos multidisciplinarios en sus aulas.<\/p>\n\n\n\n<h3 class=\"wp-block-heading\">5. Pensamiento computacional desenchufado. Aprender a programar sin pantallas<\/h3>\n\n\n\n<p>\u00bfSe puede programar sin pantallas? De entrada parece imposible, pero el profesor del FEDAC Moncada, \u00d2scar de Paula, nos demostr\u00f3 que s\u00ed que es factible, a trav\u00e9s del \u201cpensamiento computacional desenchufado\u201d, aplicando elementos de la computaci\u00f3n, como son el reconocimiento de patrones, la abstracci\u00f3n, los algoritmos o la descomposici\u00f3n, pero de manera activa y sin pantallas. El taller hizo trabajar de lo lindo a los docentes, no solo pensante, sino tambi\u00e9n participando de primera mano en estas actividades. \u00a1A algunos incluso los toc\u00f3 bailar!<\/p>\n\n\n\n<h3 class=\"wp-block-heading\">6. Foldscope: descubre como funciona el microscopio de bolsillo que hace accesible la ciencia a todos los ni\u00f1os<\/h3>\n\n\n\n<p>La conferencia durante la tarde de viernes del bioingeniero y CEO de Foldscope, Jim Cybulski, despert\u00f3 la curiosidad de muchos de los presentes. \u00bfC\u00f3mo era posible que un microscopio costara solo 1 d\u00f3lar y fuera capaz de ver part\u00edculas tan peque\u00f1as como las de una fibra de la ropa, un cabello y las alas de una mosca?<\/p>\n\n\n\n<p>Gracias al \u2018worshop\u2019 impartido por el mismo Cybulski el s\u00e1bado por la ma\u00f1ana, muchos pudimos salir de dudas y montar y utilizar nuestro propio microscopio de papel. La actividad fue todo un \u00e9xito y, en acabar, algunos profesores y profesoras ya intercambiaban ideas de actividades con las que llevar el Foldscope al aula.<\/p>\n\n\n\n<figure class=\"wp-block-image size-large\"><img loading=\"lazy\" decoding=\"async\" width=\"1024\" height=\"664\" src=\"https:\/\/habilis.ro-botica.com\/wp-content\/uploads\/2024\/04\/DSC_0547-qe1t7t0h227lnrg9tnlewgkyhzze22suw6gd0sscbc-1024x664.jpg\" alt=\"\" class=\"wp-image-920\" srcset=\"https:\/\/habilis.ro-botica.com\/wp-content\/uploads\/2024\/04\/DSC_0547-qe1t7t0h227lnrg9tnlewgkyhzze22suw6gd0sscbc-1024x664.jpg 1024w, https:\/\/habilis.ro-botica.com\/wp-content\/uploads\/2024\/04\/DSC_0547-qe1t7t0h227lnrg9tnlewgkyhzze22suw6gd0sscbc-300x194.jpg 300w, https:\/\/habilis.ro-botica.com\/wp-content\/uploads\/2024\/04\/DSC_0547-qe1t7t0h227lnrg9tnlewgkyhzze22suw6gd0sscbc-768x498.jpg 768w, https:\/\/habilis.ro-botica.com\/wp-content\/uploads\/2024\/04\/DSC_0547-qe1t7t0h227lnrg9tnlewgkyhzze22suw6gd0sscbc-600x389.jpg 600w, https:\/\/habilis.ro-botica.com\/wp-content\/uploads\/2024\/04\/DSC_0547-qe1t7t0h227lnrg9tnlewgkyhzze22suw6gd0sscbc.jpg 1080w\" sizes=\"auto, (max-width: 1024px) 100vw, 1024px\" \/><\/figure>\n\n\n\n<h3 class=\"wp-block-heading\">7. Demo Realidad Aumentada y Virtual<\/h3>\n\n\n\n<p>Si hablamos del aula del futuro, probablemente muchos nos imaginamos un espacio donde las gafas de realidad virtual s\u00f3n una herramienta m\u00e1s del d\u00eda a d\u00eda. En este taller impartido miedo Smart School pudimos probar diferentes ejemplos, as\u00ed como los Merge Cube, uno instrumento de realidad aumentada que ya se est\u00e1 usando en muchas escuelas.<\/p>\n\n\n\n<h3 class=\"wp-block-heading\">8. Plantas de huerto y plantas silvestres como herramientas educativas<\/h3>\n\n\n\n<p>La utilizaci\u00f3n de recursos naturales y el cuidado del medio ambiente fueron unos de los ejes centrales de esta edici\u00f3n del Fixing the Future, por eso el taller del Col\u00b7lectiu Eixarcolant fue uno de los que tuvo m\u00e1s \u00e9xito entre los asistentes al festival. Esta entidad hace difusi\u00f3n de aquellas plantas que tradicionalmente formaban parte de nuestra cultura, bien sea a la cocina, como ornamentaci\u00f3n o para curas medicinales y que han quedado \u201colvidadas\u201d. El hecho de tener participantes de muchas partes del mundo, hizo que esta sesi\u00f3n fuera de lo m\u00e1s enriquecedora.<\/p>\n\n\n\n<figure class=\"wp-block-image size-large\"><img loading=\"lazy\" decoding=\"async\" width=\"1024\" height=\"664\" src=\"https:\/\/habilis.ro-botica.com\/wp-content\/uploads\/2024\/04\/DSC_0601-qe1t98plhy6debd6frxw7ljb66wktfi3fac2f0not4-1024x664.jpg\" alt=\"\" class=\"wp-image-922\" srcset=\"https:\/\/habilis.ro-botica.com\/wp-content\/uploads\/2024\/04\/DSC_0601-qe1t98plhy6debd6frxw7ljb66wktfi3fac2f0not4-1024x664.jpg 1024w, https:\/\/habilis.ro-botica.com\/wp-content\/uploads\/2024\/04\/DSC_0601-qe1t98plhy6debd6frxw7ljb66wktfi3fac2f0not4-300x194.jpg 300w, https:\/\/habilis.ro-botica.com\/wp-content\/uploads\/2024\/04\/DSC_0601-qe1t98plhy6debd6frxw7ljb66wktfi3fac2f0not4-768x498.jpg 768w, https:\/\/habilis.ro-botica.com\/wp-content\/uploads\/2024\/04\/DSC_0601-qe1t98plhy6debd6frxw7ljb66wktfi3fac2f0not4-600x389.jpg 600w, https:\/\/habilis.ro-botica.com\/wp-content\/uploads\/2024\/04\/DSC_0601-qe1t98plhy6debd6frxw7ljb66wktfi3fac2f0not4.jpg 1080w\" sizes=\"auto, (max-width: 1024px) 100vw, 1024px\" \/><\/figure>\n","protected":false},"excerpt":{"rendered":"<p>El Festival Fixing the Future 2023 tuvo lugar los d\u00edas 12, 13 y 14 de octubre en el Disseny Hub de Barcelona.<\/p>\n","protected":false},"author":6,"featured_media":3769,"comment_status":"closed","ping_status":"closed","sticky":false,"template":"","format":"standard","meta":{"_acf_changed":false,"inline_featured_image":false,"footnotes":""},"categories":[20],"tags":[],"class_list":["post-4535","post","type-post","status-publish","format-standard","has-post-thumbnail","hentry","category-reportajes","generate-columns","tablet-grid-50","mobile-grid-100","grid-parent","grid-25"],"acf":[],"yoast_head":"<!-- This site is optimized with the Yoast SEO plugin v25.5 - https:\/\/yoast.com\/wordpress\/plugins\/seo\/ -->\n<title>Fixing the Future 2023: Construiendo la escuela del futuro - Habilis<\/title>\n<meta name=\"robots\" content=\"index, follow, max-snippet:-1, max-image-preview:large, max-video-preview:-1\" \/>\n<link rel=\"canonical\" href=\"https:\/\/habilis.ro-botica.com\/es\/fixing-the-future-2023-construiendo-la-escuela-del-futuro\/\" \/>\n<meta property=\"og:locale\" content=\"es_ES\" \/>\n<meta property=\"og:type\" content=\"article\" \/>\n<meta property=\"og:title\" content=\"Fixing the Future 2023: Construiendo la escuela del futuro - Habilis\" \/>\n<meta property=\"og:description\" content=\"El Festival Fixing the Future 2023 tuvo lugar los d\u00edas 12, 13 y 14 de octubre en el Disseny Hub de Barcelona.\" \/>\n<meta property=\"og:url\" content=\"https:\/\/habilis.ro-botica.com\/es\/fixing-the-future-2023-construiendo-la-escuela-del-futuro\/\" \/>\n<meta property=\"og:site_name\" content=\"Habilis\" \/>\n<meta property=\"article:published_time\" content=\"2023-10-18T14:49:07+00:00\" \/>\n<meta property=\"article:modified_time\" content=\"2024-06-25T11:26:03+00:00\" \/>\n<meta property=\"og:image\" content=\"https:\/\/habilis.ro-botica.com\/wp-content\/uploads\/2023\/10\/RV-Fixing.jpg\" \/>\n\t<meta property=\"og:image:width\" content=\"500\" \/>\n\t<meta property=\"og:image:height\" content=\"500\" \/>\n\t<meta property=\"og:image:type\" content=\"image\/jpeg\" \/>\n<meta name=\"author\" content=\"Redacci\u00f3\" \/>\n<meta name=\"twitter:card\" content=\"summary_large_image\" \/>\n<meta name=\"twitter:creator\" content=\"@HabilisCat\" \/>\n<meta name=\"twitter:site\" content=\"@HabilisCat\" \/>\n<meta name=\"twitter:label1\" content=\"Escrito por\" \/>\n\t<meta name=\"twitter:data1\" content=\"Redacci\u00f3\" \/>\n\t<meta name=\"twitter:label2\" content=\"Tiempo de lectura\" \/>\n\t<meta name=\"twitter:data2\" content=\"7 minutos\" \/>\n<script type=\"application\/ld+json\" class=\"yoast-schema-graph\">{\"@context\":\"https:\/\/schema.org\",\"@graph\":[{\"@type\":\"Article\",\"@id\":\"https:\/\/habilis.ro-botica.com\/es\/fixing-the-future-2023-construiendo-la-escuela-del-futuro\/#article\",\"isPartOf\":{\"@id\":\"https:\/\/habilis.ro-botica.com\/es\/fixing-the-future-2023-construiendo-la-escuela-del-futuro\/\"},\"author\":{\"name\":\"Redacci\u00f3\",\"@id\":\"https:\/\/habilis.ro-botica.com\/es\/#\/schema\/person\/7c2554afbb78080c40cd782491ebfeaa\"},\"headline\":\"Fixing the Future 2023: Construiendo la escuela del futuro\",\"datePublished\":\"2023-10-18T14:49:07+00:00\",\"dateModified\":\"2024-06-25T11:26:03+00:00\",\"mainEntityOfPage\":{\"@id\":\"https:\/\/habilis.ro-botica.com\/es\/fixing-the-future-2023-construiendo-la-escuela-del-futuro\/\"},\"wordCount\":1106,\"publisher\":{\"@id\":\"https:\/\/habilis.ro-botica.com\/es\/#organization\"},\"image\":{\"@id\":\"https:\/\/habilis.ro-botica.com\/es\/fixing-the-future-2023-construiendo-la-escuela-del-futuro\/#primaryimage\"},\"thumbnailUrl\":\"https:\/\/habilis.ro-botica.com\/wp-content\/uploads\/2023\/10\/RV-Fixing.jpg\",\"articleSection\":[\"Reportajes\"],\"inLanguage\":\"es\"},{\"@type\":\"WebPage\",\"@id\":\"https:\/\/habilis.ro-botica.com\/es\/fixing-the-future-2023-construiendo-la-escuela-del-futuro\/\",\"url\":\"https:\/\/habilis.ro-botica.com\/es\/fixing-the-future-2023-construiendo-la-escuela-del-futuro\/\",\"name\":\"Fixing the Future 2023: Construiendo la escuela del futuro - Habilis\",\"isPartOf\":{\"@id\":\"https:\/\/habilis.ro-botica.com\/es\/#website\"},\"primaryImageOfPage\":{\"@id\":\"https:\/\/habilis.ro-botica.com\/es\/fixing-the-future-2023-construiendo-la-escuela-del-futuro\/#primaryimage\"},\"image\":{\"@id\":\"https:\/\/habilis.ro-botica.com\/es\/fixing-the-future-2023-construiendo-la-escuela-del-futuro\/#primaryimage\"},\"thumbnailUrl\":\"https:\/\/habilis.ro-botica.com\/wp-content\/uploads\/2023\/10\/RV-Fixing.jpg\",\"datePublished\":\"2023-10-18T14:49:07+00:00\",\"dateModified\":\"2024-06-25T11:26:03+00:00\",\"breadcrumb\":{\"@id\":\"https:\/\/habilis.ro-botica.com\/es\/fixing-the-future-2023-construiendo-la-escuela-del-futuro\/#breadcrumb\"},\"inLanguage\":\"es\",\"potentialAction\":[{\"@type\":\"ReadAction\",\"target\":[\"https:\/\/habilis.ro-botica.com\/es\/fixing-the-future-2023-construiendo-la-escuela-del-futuro\/\"]}]},{\"@type\":\"ImageObject\",\"inLanguage\":\"es\",\"@id\":\"https:\/\/habilis.ro-botica.com\/es\/fixing-the-future-2023-construiendo-la-escuela-del-futuro\/#primaryimage\",\"url\":\"https:\/\/habilis.ro-botica.com\/wp-content\/uploads\/2023\/10\/RV-Fixing.jpg\",\"contentUrl\":\"https:\/\/habilis.ro-botica.com\/wp-content\/uploads\/2023\/10\/RV-Fixing.jpg\",\"width\":500,\"height\":500},{\"@type\":\"BreadcrumbList\",\"@id\":\"https:\/\/habilis.ro-botica.com\/es\/fixing-the-future-2023-construiendo-la-escuela-del-futuro\/#breadcrumb\",\"itemListElement\":[{\"@type\":\"ListItem\",\"position\":1,\"name\":\"Portada\",\"item\":\"https:\/\/habilis.ro-botica.com\/es\/\"},{\"@type\":\"ListItem\",\"position\":2,\"name\":\"Fixing the Future 2023: Construiendo la escuela del futuro\"}]},{\"@type\":\"WebSite\",\"@id\":\"https:\/\/habilis.ro-botica.com\/es\/#website\",\"url\":\"https:\/\/habilis.ro-botica.com\/es\/\",\"name\":\"Habilis\",\"description\":\"Aprende con las manos\",\"publisher\":{\"@id\":\"https:\/\/habilis.ro-botica.com\/es\/#organization\"},\"potentialAction\":[{\"@type\":\"SearchAction\",\"target\":{\"@type\":\"EntryPoint\",\"urlTemplate\":\"https:\/\/habilis.ro-botica.com\/es\/?s={search_term_string}\"},\"query-input\":{\"@type\":\"PropertyValueSpecification\",\"valueRequired\":true,\"valueName\":\"search_term_string\"}}],\"inLanguage\":\"es\"},{\"@type\":\"Organization\",\"@id\":\"https:\/\/habilis.ro-botica.com\/es\/#organization\",\"name\":\"Habilis\",\"url\":\"https:\/\/habilis.ro-botica.com\/es\/\",\"logo\":{\"@type\":\"ImageObject\",\"inLanguage\":\"es\",\"@id\":\"https:\/\/habilis.ro-botica.com\/es\/#\/schema\/logo\/image\/\",\"url\":\"https:\/\/habilis.ro-botica.com\/wp-content\/uploads\/2023\/08\/logo-habilis-430.png\",\"contentUrl\":\"https:\/\/habilis.ro-botica.com\/wp-content\/uploads\/2023\/08\/logo-habilis-430.png\",\"width\":888,\"height\":189,\"caption\":\"Habilis\"},\"image\":{\"@id\":\"https:\/\/habilis.ro-botica.com\/es\/#\/schema\/logo\/image\/\"},\"sameAs\":[\"https:\/\/x.com\/HabilisCat\",\"https:\/\/www.instagram.com\/habiliscat\/\",\"https:\/\/www.linkedin.com\/company\/habiliscat\/about\/\"]},{\"@type\":\"Person\",\"@id\":\"https:\/\/habilis.ro-botica.com\/es\/#\/schema\/person\/7c2554afbb78080c40cd782491ebfeaa\",\"name\":\"Redacci\u00f3\",\"image\":{\"@type\":\"ImageObject\",\"inLanguage\":\"es\",\"@id\":\"https:\/\/habilis.ro-botica.com\/es\/#\/schema\/person\/image\/\",\"url\":\"https:\/\/secure.gravatar.com\/avatar\/307b1dbbd2691b486ab8f9973819adbdaffc8236e44e3fa02f9ffc76c56f9512?s=96&d=mm&r=g\",\"contentUrl\":\"https:\/\/secure.gravatar.com\/avatar\/307b1dbbd2691b486ab8f9973819adbdaffc8236e44e3fa02f9ffc76c56f9512?s=96&d=mm&r=g\",\"caption\":\"Redacci\u00f3\"},\"url\":\"https:\/\/habilis.ro-botica.com\/es\/author\/redaccio\/\"}]}<\/script>\n<!-- \/ Yoast SEO plugin. -->","yoast_head_json":{"title":"Fixing the Future 2023: Construiendo la escuela del futuro - Habilis","robots":{"index":"index","follow":"follow","max-snippet":"max-snippet:-1","max-image-preview":"max-image-preview:large","max-video-preview":"max-video-preview:-1"},"canonical":"https:\/\/habilis.ro-botica.com\/es\/fixing-the-future-2023-construiendo-la-escuela-del-futuro\/","og_locale":"es_ES","og_type":"article","og_title":"Fixing the Future 2023: Construiendo la escuela del futuro - Habilis","og_description":"El Festival Fixing the Future 2023 tuvo lugar los d\u00edas 12, 13 y 14 de octubre en el Disseny Hub de Barcelona.","og_url":"https:\/\/habilis.ro-botica.com\/es\/fixing-the-future-2023-construiendo-la-escuela-del-futuro\/","og_site_name":"Habilis","article_published_time":"2023-10-18T14:49:07+00:00","article_modified_time":"2024-06-25T11:26:03+00:00","og_image":[{"width":500,"height":500,"url":"https:\/\/habilis.ro-botica.com\/wp-content\/uploads\/2023\/10\/RV-Fixing.jpg","type":"image\/jpeg"}],"author":"Redacci\u00f3","twitter_card":"summary_large_image","twitter_creator":"@HabilisCat","twitter_site":"@HabilisCat","twitter_misc":{"Escrito por":"Redacci\u00f3","Tiempo de lectura":"7 minutos"},"schema":{"@context":"https:\/\/schema.org","@graph":[{"@type":"Article","@id":"https:\/\/habilis.ro-botica.com\/es\/fixing-the-future-2023-construiendo-la-escuela-del-futuro\/#article","isPartOf":{"@id":"https:\/\/habilis.ro-botica.com\/es\/fixing-the-future-2023-construiendo-la-escuela-del-futuro\/"},"author":{"name":"Redacci\u00f3","@id":"https:\/\/habilis.ro-botica.com\/es\/#\/schema\/person\/7c2554afbb78080c40cd782491ebfeaa"},"headline":"Fixing the Future 2023: Construiendo la escuela del futuro","datePublished":"2023-10-18T14:49:07+00:00","dateModified":"2024-06-25T11:26:03+00:00","mainEntityOfPage":{"@id":"https:\/\/habilis.ro-botica.com\/es\/fixing-the-future-2023-construiendo-la-escuela-del-futuro\/"},"wordCount":1106,"publisher":{"@id":"https:\/\/habilis.ro-botica.com\/es\/#organization"},"image":{"@id":"https:\/\/habilis.ro-botica.com\/es\/fixing-the-future-2023-construiendo-la-escuela-del-futuro\/#primaryimage"},"thumbnailUrl":"https:\/\/habilis.ro-botica.com\/wp-content\/uploads\/2023\/10\/RV-Fixing.jpg","articleSection":["Reportajes"],"inLanguage":"es"},{"@type":"WebPage","@id":"https:\/\/habilis.ro-botica.com\/es\/fixing-the-future-2023-construiendo-la-escuela-del-futuro\/","url":"https:\/\/habilis.ro-botica.com\/es\/fixing-the-future-2023-construiendo-la-escuela-del-futuro\/","name":"Fixing the Future 2023: Construiendo la escuela del futuro - Habilis","isPartOf":{"@id":"https:\/\/habilis.ro-botica.com\/es\/#website"},"primaryImageOfPage":{"@id":"https:\/\/habilis.ro-botica.com\/es\/fixing-the-future-2023-construiendo-la-escuela-del-futuro\/#primaryimage"},"image":{"@id":"https:\/\/habilis.ro-botica.com\/es\/fixing-the-future-2023-construiendo-la-escuela-del-futuro\/#primaryimage"},"thumbnailUrl":"https:\/\/habilis.ro-botica.com\/wp-content\/uploads\/2023\/10\/RV-Fixing.jpg","datePublished":"2023-10-18T14:49:07+00:00","dateModified":"2024-06-25T11:26:03+00:00","breadcrumb":{"@id":"https:\/\/habilis.ro-botica.com\/es\/fixing-the-future-2023-construiendo-la-escuela-del-futuro\/#breadcrumb"},"inLanguage":"es","potentialAction":[{"@type":"ReadAction","target":["https:\/\/habilis.ro-botica.com\/es\/fixing-the-future-2023-construiendo-la-escuela-del-futuro\/"]}]},{"@type":"ImageObject","inLanguage":"es","@id":"https:\/\/habilis.ro-botica.com\/es\/fixing-the-future-2023-construiendo-la-escuela-del-futuro\/#primaryimage","url":"https:\/\/habilis.ro-botica.com\/wp-content\/uploads\/2023\/10\/RV-Fixing.jpg","contentUrl":"https:\/\/habilis.ro-botica.com\/wp-content\/uploads\/2023\/10\/RV-Fixing.jpg","width":500,"height":500},{"@type":"BreadcrumbList","@id":"https:\/\/habilis.ro-botica.com\/es\/fixing-the-future-2023-construiendo-la-escuela-del-futuro\/#breadcrumb","itemListElement":[{"@type":"ListItem","position":1,"name":"Portada","item":"https:\/\/habilis.ro-botica.com\/es\/"},{"@type":"ListItem","position":2,"name":"Fixing the Future 2023: Construiendo la escuela del futuro"}]},{"@type":"WebSite","@id":"https:\/\/habilis.ro-botica.com\/es\/#website","url":"https:\/\/habilis.ro-botica.com\/es\/","name":"Habilis","description":"Aprende con las manos","publisher":{"@id":"https:\/\/habilis.ro-botica.com\/es\/#organization"},"potentialAction":[{"@type":"SearchAction","target":{"@type":"EntryPoint","urlTemplate":"https:\/\/habilis.ro-botica.com\/es\/?s={search_term_string}"},"query-input":{"@type":"PropertyValueSpecification","valueRequired":true,"valueName":"search_term_string"}}],"inLanguage":"es"},{"@type":"Organization","@id":"https:\/\/habilis.ro-botica.com\/es\/#organization","name":"Habilis","url":"https:\/\/habilis.ro-botica.com\/es\/","logo":{"@type":"ImageObject","inLanguage":"es","@id":"https:\/\/habilis.ro-botica.com\/es\/#\/schema\/logo\/image\/","url":"https:\/\/habilis.ro-botica.com\/wp-content\/uploads\/2023\/08\/logo-habilis-430.png","contentUrl":"https:\/\/habilis.ro-botica.com\/wp-content\/uploads\/2023\/08\/logo-habilis-430.png","width":888,"height":189,"caption":"Habilis"},"image":{"@id":"https:\/\/habilis.ro-botica.com\/es\/#\/schema\/logo\/image\/"},"sameAs":["https:\/\/x.com\/HabilisCat","https:\/\/www.instagram.com\/habiliscat\/","https:\/\/www.linkedin.com\/company\/habiliscat\/about\/"]},{"@type":"Person","@id":"https:\/\/habilis.ro-botica.com\/es\/#\/schema\/person\/7c2554afbb78080c40cd782491ebfeaa","name":"Redacci\u00f3","image":{"@type":"ImageObject","inLanguage":"es","@id":"https:\/\/habilis.ro-botica.com\/es\/#\/schema\/person\/image\/","url":"https:\/\/secure.gravatar.com\/avatar\/307b1dbbd2691b486ab8f9973819adbdaffc8236e44e3fa02f9ffc76c56f9512?s=96&d=mm&r=g","contentUrl":"https:\/\/secure.gravatar.com\/avatar\/307b1dbbd2691b486ab8f9973819adbdaffc8236e44e3fa02f9ffc76c56f9512?s=96&d=mm&r=g","caption":"Redacci\u00f3"},"url":"https:\/\/habilis.ro-botica.com\/es\/author\/redaccio\/"}]}},"_links":{"self":[{"href":"https:\/\/habilis.ro-botica.com\/es\/wp-json\/wp\/v2\/posts\/4535","targetHints":{"allow":["GET"]}}],"collection":[{"href":"https:\/\/habilis.ro-botica.com\/es\/wp-json\/wp\/v2\/posts"}],"about":[{"href":"https:\/\/habilis.ro-botica.com\/es\/wp-json\/wp\/v2\/types\/post"}],"author":[{"embeddable":true,"href":"https:\/\/habilis.ro-botica.com\/es\/wp-json\/wp\/v2\/users\/6"}],"replies":[{"embeddable":true,"href":"https:\/\/habilis.ro-botica.com\/es\/wp-json\/wp\/v2\/comments?post=4535"}],"version-history":[{"count":0,"href":"https:\/\/habilis.ro-botica.com\/es\/wp-json\/wp\/v2\/posts\/4535\/revisions"}],"wp:featuredmedia":[{"embeddable":true,"href":"https:\/\/habilis.ro-botica.com\/es\/wp-json\/wp\/v2\/media\/3769"}],"wp:attachment":[{"href":"https:\/\/habilis.ro-botica.com\/es\/wp-json\/wp\/v2\/media?parent=4535"}],"wp:term":[{"taxonomy":"category","embeddable":true,"href":"https:\/\/habilis.ro-botica.com\/es\/wp-json\/wp\/v2\/categories?post=4535"},{"taxonomy":"post_tag","embeddable":true,"href":"https:\/\/habilis.ro-botica.com\/es\/wp-json\/wp\/v2\/tags?post=4535"}],"curies":[{"name":"wp","href":"https:\/\/api.w.org\/{rel}","templated":true}]}}