{"id":4636,"date":"2023-07-05T07:48:51","date_gmt":"2023-07-05T06:48:51","guid":{"rendered":"https:\/\/habilis.ro-botica.com\/arrenca-objectiu-la-terra-el-curs-b2-per-a-docents-organitzat-per-habilis-i-abacus\/"},"modified":"2024-07-03T12:53:20","modified_gmt":"2024-07-03T11:53:20","slug":"arranca-objectiu-la-terra-el-curso-b2-per-a-docentes-organizado-por-habilis","status":"publish","type":"post","link":"https:\/\/habilis.ro-botica.com\/es\/arranca-objectiu-la-terra-el-curso-b2-per-a-docentes-organizado-por-habilis\/","title":{"rendered":"Arranca &#8216;Objectiu: la Terra&#8217;, el curso B2 per a docentes organizado por Habilis"},"content":{"rendered":"\n<p>Pensamiento computacional desenchufado, robots con y sin sensores, simuladores, programaci\u00f3n con Scratch, impresi\u00f3n 3D y realidad virtual y aumentada. Estas han sido las distintas materias que se han abordado de forma introductoria en la Escola d\u2019Estiu del curso de capacitaci\u00f3n digital docente organizado por Habilis, Blanquerna y la Federaci\u00f3n de Escuelas Cristianas de Catalu\u00f1a.<\/p>\n\n\n\n<blockquote class=\"wp-block-quote is-layout-flow wp-block-quote-is-layout-flow\">\n<p>A partir de septiembre, los 190 docentes de las diez escuelas participantes proseguir\u00e1n su formaci\u00f3n de forma h\u00edbrida, en l\u00ednea y presencial, desde sus respectivos centros escolares.<\/p>\n<\/blockquote>\n\n\n\n<p>Esta primera fase ha consistido en 18 horas presenciales repartidas en tres jornadas y se ha hecho para que maestras y profesores \u201cadquieran un lenguaje com\u00fan y logren una aproximaci\u00f3n de todas las tecnolog\u00edas que trabajaremos\u201d, destac\u00f3 el doctor en pedagog\u00eda Miquel \u00c0ngel Prats, coordinador pedag\u00f3gico del curso.<\/p>\n\n\n\n<p>Experto en el acompa\u00f1amiento del profesorado en la aplicaci\u00f3n de la tecnolog\u00eda al aula, durante la ponencia&nbsp;<em>Bases de la transformaci\u00f3n educativa<\/em>, Prats quiso poner \u00e9nfasis&nbsp; \u201cque los procesos de innovaci\u00f3n tienen que ver con las personas\u201d y que ante las amenazas y los peligros que supone la digitalizaci\u00f3n, \u201chay que ofrecer herramientas al alumnado para despertar su esp\u00edritu cr\u00edtico\u201d.<\/p>\n\n\n\n<p>El curso se articula alrededor de 5 retos vinculados a la exploraci\u00f3n espacial que los docentes trabajar\u00e1n con los alumnos.<\/p>\n\n\n\n<p>Saber de qu\u00e9 manera se pueden aplicar las herramientas digitales en una de las metodolog\u00edas de trabajo m\u00e1s activas, c\u00f3mo es el Aprendizaje Basado en Proyectos (ABP) fue el objetivo de la charla de la directora pedag\u00f3gica del centro Vedruna-Prats de la Carrera de Palafrugell, Montserrat Jim\u00e9nez, quien ofreci\u00f3 numerosos ejemplos pr\u00e1cticos sobre c\u00f3mo tiene que ser un buen trabajo por proyectos, teniendo en cuenta aspectos relevantes como la gesti\u00f3n emocional de los equipos o el uso de las TIC durante el proceso de las tareas: \u201cEl trabajo por proyectos tiene que partir de la motivaci\u00f3n del alumnado, de poder apoderarlos para desarrollar su autonom\u00eda y responsabilidad. Primero va la pedagog\u00eda y despu\u00e9s la metodolog\u00eda\u201d, apunt\u00f3 Jim\u00e9nez.<\/p>\n\n\n\n<figure class=\"wp-block-gallery has-nested-images columns-2 is-cropped wp-block-gallery-1 is-layout-flex wp-block-gallery-is-layout-flex\">\n<figure class=\"wp-block-image size-large\"><a href=\"https:\/\/habilis.ro-botica.com\/wp-content\/uploads\/2024\/04\/1688561422775-q8ytuxlq3grb2llzbh9js55j9wvhkk3gi1eec9uq8o.jpg\" target=\"_blank\" rel=\"noopener\"><img loading=\"lazy\" decoding=\"async\" width=\"1024\" height=\"664\" data-id=\"1006\" src=\"https:\/\/habilis.ro-botica.com\/wp-content\/uploads\/2024\/04\/1688561422775-q8ytuxlq3grb2llzbh9js55j9wvhkk3gi1eec9uq8o-1024x664.jpg\" alt=\"\" class=\"wp-image-1006\" srcset=\"https:\/\/habilis.ro-botica.com\/wp-content\/uploads\/2024\/04\/1688561422775-q8ytuxlq3grb2llzbh9js55j9wvhkk3gi1eec9uq8o-1024x664.jpg 1024w, https:\/\/habilis.ro-botica.com\/wp-content\/uploads\/2024\/04\/1688561422775-q8ytuxlq3grb2llzbh9js55j9wvhkk3gi1eec9uq8o-300x194.jpg 300w, https:\/\/habilis.ro-botica.com\/wp-content\/uploads\/2024\/04\/1688561422775-q8ytuxlq3grb2llzbh9js55j9wvhkk3gi1eec9uq8o-768x498.jpg 768w, https:\/\/habilis.ro-botica.com\/wp-content\/uploads\/2024\/04\/1688561422775-q8ytuxlq3grb2llzbh9js55j9wvhkk3gi1eec9uq8o-600x389.jpg 600w, https:\/\/habilis.ro-botica.com\/wp-content\/uploads\/2024\/04\/1688561422775-q8ytuxlq3grb2llzbh9js55j9wvhkk3gi1eec9uq8o.jpg 1080w\" sizes=\"auto, (max-width: 1024px) 100vw, 1024px\" \/><\/a><\/figure>\n\n\n\n<figure class=\"wp-block-image size-large\"><a href=\"https:\/\/habilis.ro-botica.com\/wp-content\/uploads\/2024\/04\/RO-BOTICA_6df89a81-8a77-41a0-aa1a-3e2335c50aa8-q8yu9kx6lit5zuc0sb794y34j2oeir8vijdski4va0.jpg\" target=\"_blank\" rel=\"noopener\"><img loading=\"lazy\" decoding=\"async\" width=\"1024\" height=\"664\" data-id=\"1010\" src=\"https:\/\/habilis.ro-botica.com\/wp-content\/uploads\/2024\/04\/RO-BOTICA_6df89a81-8a77-41a0-aa1a-3e2335c50aa8-q8yu9kx6lit5zuc0sb794y34j2oeir8vijdski4va0-1024x664.jpg\" alt=\"\" class=\"wp-image-1010\" srcset=\"https:\/\/habilis.ro-botica.com\/wp-content\/uploads\/2024\/04\/RO-BOTICA_6df89a81-8a77-41a0-aa1a-3e2335c50aa8-q8yu9kx6lit5zuc0sb794y34j2oeir8vijdski4va0-1024x664.jpg 1024w, https:\/\/habilis.ro-botica.com\/wp-content\/uploads\/2024\/04\/RO-BOTICA_6df89a81-8a77-41a0-aa1a-3e2335c50aa8-q8yu9kx6lit5zuc0sb794y34j2oeir8vijdski4va0-300x194.jpg 300w, https:\/\/habilis.ro-botica.com\/wp-content\/uploads\/2024\/04\/RO-BOTICA_6df89a81-8a77-41a0-aa1a-3e2335c50aa8-q8yu9kx6lit5zuc0sb794y34j2oeir8vijdski4va0-768x498.jpg 768w, https:\/\/habilis.ro-botica.com\/wp-content\/uploads\/2024\/04\/RO-BOTICA_6df89a81-8a77-41a0-aa1a-3e2335c50aa8-q8yu9kx6lit5zuc0sb794y34j2oeir8vijdski4va0-600x389.jpg 600w, https:\/\/habilis.ro-botica.com\/wp-content\/uploads\/2024\/04\/RO-BOTICA_6df89a81-8a77-41a0-aa1a-3e2335c50aa8-q8yu9kx6lit5zuc0sb794y34j2oeir8vijdski4va0.jpg 1080w\" sizes=\"auto, (max-width: 1024px) 100vw, 1024px\" \/><\/a><\/figure>\n\n\n\n<figure class=\"wp-block-image size-large\"><a href=\"https:\/\/habilis.ro-botica.com\/wp-content\/uploads\/2024\/04\/RO-BOTICA_5bcda2c9-cfbb-4f02-ac34-8f239b1783c6-q8yu9jzceorvo8ddxssmkgbnxot1b2556eqb3869g8.jpg\" target=\"_blank\" rel=\"noopener\"><img loading=\"lazy\" decoding=\"async\" width=\"1024\" height=\"664\" data-id=\"1007\" src=\"https:\/\/habilis.ro-botica.com\/wp-content\/uploads\/2024\/04\/RO-BOTICA_5bcda2c9-cfbb-4f02-ac34-8f239b1783c6-q8yu9jzceorvo8ddxssmkgbnxot1b2556eqb3869g8-1024x664.jpg\" alt=\"\" class=\"wp-image-1007\" srcset=\"https:\/\/habilis.ro-botica.com\/wp-content\/uploads\/2024\/04\/RO-BOTICA_5bcda2c9-cfbb-4f02-ac34-8f239b1783c6-q8yu9jzceorvo8ddxssmkgbnxot1b2556eqb3869g8-1024x664.jpg 1024w, https:\/\/habilis.ro-botica.com\/wp-content\/uploads\/2024\/04\/RO-BOTICA_5bcda2c9-cfbb-4f02-ac34-8f239b1783c6-q8yu9jzceorvo8ddxssmkgbnxot1b2556eqb3869g8-300x194.jpg 300w, https:\/\/habilis.ro-botica.com\/wp-content\/uploads\/2024\/04\/RO-BOTICA_5bcda2c9-cfbb-4f02-ac34-8f239b1783c6-q8yu9jzceorvo8ddxssmkgbnxot1b2556eqb3869g8-768x498.jpg 768w, https:\/\/habilis.ro-botica.com\/wp-content\/uploads\/2024\/04\/RO-BOTICA_5bcda2c9-cfbb-4f02-ac34-8f239b1783c6-q8yu9jzceorvo8ddxssmkgbnxot1b2556eqb3869g8-600x389.jpg 600w, https:\/\/habilis.ro-botica.com\/wp-content\/uploads\/2024\/04\/RO-BOTICA_5bcda2c9-cfbb-4f02-ac34-8f239b1783c6-q8yu9jzceorvo8ddxssmkgbnxot1b2556eqb3869g8.jpg 1080w\" sizes=\"auto, (max-width: 1024px) 100vw, 1024px\" \/><\/a><\/figure>\n\n\n\n<figure class=\"wp-block-image size-large\"><a href=\"https:\/\/habilis.ro-botica.com\/wp-content\/uploads\/2024\/04\/RO-BOTICA_-2023-07-03-at-11.14.08-1-q8yu9i3o10pb10g48rzdfgsqqx2avnxoi5fc4o91so.jpeg\" target=\"_blank\" rel=\"noopener\"><img loading=\"lazy\" decoding=\"async\" width=\"1024\" height=\"664\" data-id=\"1008\" src=\"https:\/\/habilis.ro-botica.com\/wp-content\/uploads\/2024\/04\/RO-BOTICA_-2023-07-03-at-11.14.08-1-q8yu9i3o10pb10g48rzdfgsqqx2avnxoi5fc4o91so-1024x664.jpeg\" alt=\"\" class=\"wp-image-1008\" srcset=\"https:\/\/habilis.ro-botica.com\/wp-content\/uploads\/2024\/04\/RO-BOTICA_-2023-07-03-at-11.14.08-1-q8yu9i3o10pb10g48rzdfgsqqx2avnxoi5fc4o91so-1024x664.jpeg 1024w, https:\/\/habilis.ro-botica.com\/wp-content\/uploads\/2024\/04\/RO-BOTICA_-2023-07-03-at-11.14.08-1-q8yu9i3o10pb10g48rzdfgsqqx2avnxoi5fc4o91so-300x194.jpeg 300w, https:\/\/habilis.ro-botica.com\/wp-content\/uploads\/2024\/04\/RO-BOTICA_-2023-07-03-at-11.14.08-1-q8yu9i3o10pb10g48rzdfgsqqx2avnxoi5fc4o91so-768x498.jpeg 768w, https:\/\/habilis.ro-botica.com\/wp-content\/uploads\/2024\/04\/RO-BOTICA_-2023-07-03-at-11.14.08-1-q8yu9i3o10pb10g48rzdfgsqqx2avnxoi5fc4o91so-600x389.jpeg 600w, https:\/\/habilis.ro-botica.com\/wp-content\/uploads\/2024\/04\/RO-BOTICA_-2023-07-03-at-11.14.08-1-q8yu9i3o10pb10g48rzdfgsqqx2avnxoi5fc4o91so.jpeg 1080w\" sizes=\"auto, (max-width: 1024px) 100vw, 1024px\" \/><\/a><\/figure>\n\n\n\n<figure class=\"wp-block-image size-large\"><a href=\"https:\/\/habilis.ro-botica.com\/wp-content\/uploads\/2024\/04\/1688550560473-q8ytvvfwxi1mok8ttvw49wm4ns8p9ntsmovvm8gk0o.jpg\" target=\"_blank\" rel=\"noopener\"><img loading=\"lazy\" decoding=\"async\" width=\"1024\" height=\"664\" data-id=\"1005\" src=\"https:\/\/habilis.ro-botica.com\/wp-content\/uploads\/2024\/04\/1688550560473-q8ytvvfwxi1mok8ttvw49wm4ns8p9ntsmovvm8gk0o-1024x664.jpg\" alt=\"\" class=\"wp-image-1005\" srcset=\"https:\/\/habilis.ro-botica.com\/wp-content\/uploads\/2024\/04\/1688550560473-q8ytvvfwxi1mok8ttvw49wm4ns8p9ntsmovvm8gk0o-1024x664.jpg 1024w, https:\/\/habilis.ro-botica.com\/wp-content\/uploads\/2024\/04\/1688550560473-q8ytvvfwxi1mok8ttvw49wm4ns8p9ntsmovvm8gk0o-300x194.jpg 300w, https:\/\/habilis.ro-botica.com\/wp-content\/uploads\/2024\/04\/1688550560473-q8ytvvfwxi1mok8ttvw49wm4ns8p9ntsmovvm8gk0o-768x498.jpg 768w, https:\/\/habilis.ro-botica.com\/wp-content\/uploads\/2024\/04\/1688550560473-q8ytvvfwxi1mok8ttvw49wm4ns8p9ntsmovvm8gk0o-600x389.jpg 600w, https:\/\/habilis.ro-botica.com\/wp-content\/uploads\/2024\/04\/1688550560473-q8ytvvfwxi1mok8ttvw49wm4ns8p9ntsmovvm8gk0o.jpg 1080w\" sizes=\"auto, (max-width: 1024px) 100vw, 1024px\" \/><\/a><\/figure>\n\n\n\n<figure class=\"wp-block-image size-large\"><a href=\"https:\/\/habilis.ro-botica.com\/wp-content\/uploads\/2024\/04\/WhatsApp-Image-2023-07-04-at-12.20.39-q8ygl3ddsgmqyxp6kfi7q82rta33ju3sgy9ajccndk.jpeg\" target=\"_blank\" rel=\"noopener\"><img loading=\"lazy\" decoding=\"async\" width=\"1024\" height=\"664\" data-id=\"1009\" src=\"https:\/\/habilis.ro-botica.com\/wp-content\/uploads\/2024\/04\/WhatsApp-Image-2023-07-04-at-12.20.39-q8ygl3ddsgmqyxp6kfi7q82rta33ju3sgy9ajccndk-1024x664.jpeg\" alt=\"\" class=\"wp-image-1009\" srcset=\"https:\/\/habilis.ro-botica.com\/wp-content\/uploads\/2024\/04\/WhatsApp-Image-2023-07-04-at-12.20.39-q8ygl3ddsgmqyxp6kfi7q82rta33ju3sgy9ajccndk-1024x664.jpeg 1024w, https:\/\/habilis.ro-botica.com\/wp-content\/uploads\/2024\/04\/WhatsApp-Image-2023-07-04-at-12.20.39-q8ygl3ddsgmqyxp6kfi7q82rta33ju3sgy9ajccndk-300x194.jpeg 300w, https:\/\/habilis.ro-botica.com\/wp-content\/uploads\/2024\/04\/WhatsApp-Image-2023-07-04-at-12.20.39-q8ygl3ddsgmqyxp6kfi7q82rta33ju3sgy9ajccndk-768x498.jpeg 768w, https:\/\/habilis.ro-botica.com\/wp-content\/uploads\/2024\/04\/WhatsApp-Image-2023-07-04-at-12.20.39-q8ygl3ddsgmqyxp6kfi7q82rta33ju3sgy9ajccndk-600x389.jpeg 600w, https:\/\/habilis.ro-botica.com\/wp-content\/uploads\/2024\/04\/WhatsApp-Image-2023-07-04-at-12.20.39-q8ygl3ddsgmqyxp6kfi7q82rta33ju3sgy9ajccndk.jpeg 1080w\" sizes=\"auto, (max-width: 1024px) 100vw, 1024px\" \/><\/a><\/figure>\n<\/figure>\n\n\n\n<p>La directora de Habilis, S\u00f2nia Casas, cerr\u00f3 las ponencias de la primera jornada presentando la narrativa que articular\u00e1 el curso y las situaciones de aprendizaje que se presentar\u00e1n para que los docentes las trabajen con los alumnos.<\/p>\n\n\n\n<p>Se trata de una narrativa centrada en la exploraci\u00f3n espacial y que se ha titulado:&nbsp;<em>Objetivo: la Tierra, c\u00f3mo mejorarla desde el espacio.<\/em><\/p>\n\n\n\n<p>A partir del mes de septiembre, los claustros de los centros tendr\u00e1n que escoger una de las cinco propuestas que se los ha presentado: Streaming Viral; Moon city; Feeling good; Spacelab o Space Debris, para articular su proyecto tecnol\u00f3gico. El curso prev\u00e9 un acompa\u00f1amiento virtual a trav\u00e9s de una plataforma compartida y un seguimiento con tres sesiones personalizadas en cada centro, sobre realidad aumentada, programaci\u00f3n, rob\u00f3tica educativa e impresi\u00f3n 3D.<\/p>\n\n\n\n<p>Y \u00e9sta es la forma en que hemos presentado a los docentes cada uno de estos retos.<\/p>\n\n\n\n<figure class=\"wp-block-embed is-type-wp-embed is-provider-genially wp-block-embed-genially\"><div class=\"wp-block-embed__wrapper\">\n<iframe class=\"wp-embedded-content\" sandbox=\"allow-scripts\" security=\"restricted\" title=\"REPTES CURS B2 - FECC\" frameborder='0' width='1200' height='675' src='https:\/\/view.genially.com\/649b073d3cc9940014be2734#?secret=JoXv940iwj' data-secret='JoXv940iwj' scrolling='yes'><\/iframe>\n<\/div><\/figure>\n","protected":false},"excerpt":{"rendered":"<p>La formaci\u00f3, que certificar\u00e0 el nivell B2, es fa en col\u00b7laboraci\u00f3 amb la Universitat Blanquerna i la Federaci\u00f3 d\u2019Escoles Cristianes de Catalunya.<\/p>\n","protected":false},"author":6,"featured_media":3783,"comment_status":"closed","ping_status":"closed","sticky":false,"template":"","format":"standard","meta":{"_acf_changed":false,"inline_featured_image":false,"footnotes":""},"categories":[17],"tags":[132,110,111,113,134,131,133,115,103],"class_list":["post-4636","post","type-post","status-publish","format-standard","has-post-thumbnail","hentry","category-noticias","tag-ciclo","tag-ciclo-infantil","tag-ciclo-inicial","tag-ciclo-superior","tag-competencia-digital-docente","tag-cosmos-es","tag-formaciones","tag-formaciones-al-profesorado","tag-formaciones-para-docentes","generate-columns","tablet-grid-50","mobile-grid-100","grid-parent","grid-25"],"acf":[],"yoast_head":"<!-- This site is optimized with the Yoast SEO plugin v25.5 - https:\/\/yoast.com\/wordpress\/plugins\/seo\/ -->\n<title>Arranca &#039;Objectiu: la Terra&#039;, el curso B2 per a docentes organizado por Habilis - Habilis<\/title>\n<meta name=\"robots\" content=\"index, follow, max-snippet:-1, max-image-preview:large, max-video-preview:-1\" \/>\n<link rel=\"canonical\" href=\"https:\/\/habilis.ro-botica.com\/es\/arranca-objectiu-la-terra-el-curso-b2-per-a-docentes-organizado-por-habilis\/\" \/>\n<meta property=\"og:locale\" content=\"es_ES\" \/>\n<meta property=\"og:type\" content=\"article\" \/>\n<meta property=\"og:title\" content=\"Arranca &#039;Objectiu: la Terra&#039;, el curso B2 per a docentes organizado por Habilis - Habilis\" \/>\n<meta property=\"og:description\" content=\"La formaci\u00f3, que certificar\u00e0 el nivell B2, es fa en col\u00b7laboraci\u00f3 amb la Universitat Blanquerna i la Federaci\u00f3 d\u2019Escoles Cristianes de Catalunya.\" \/>\n<meta property=\"og:url\" content=\"https:\/\/habilis.ro-botica.com\/es\/arranca-objectiu-la-terra-el-curso-b2-per-a-docentes-organizado-por-habilis\/\" \/>\n<meta property=\"og:site_name\" content=\"Habilis\" \/>\n<meta property=\"article:published_time\" content=\"2023-07-05T06:48:51+00:00\" \/>\n<meta property=\"article:modified_time\" content=\"2024-07-03T11:53:20+00:00\" \/>\n<meta property=\"og:image\" content=\"https:\/\/habilis.ro-botica.com\/wp-content\/uploads\/2023\/07\/WhatsApp-Image-2023-07-04-at-11.09.48-1-1.jpeg\" \/>\n\t<meta property=\"og:image:width\" content=\"500\" \/>\n\t<meta property=\"og:image:height\" content=\"500\" \/>\n\t<meta property=\"og:image:type\" content=\"image\/jpeg\" \/>\n<meta name=\"author\" content=\"Redacci\u00f3\" \/>\n<meta name=\"twitter:card\" content=\"summary_large_image\" \/>\n<meta name=\"twitter:creator\" content=\"@HabilisCat\" \/>\n<meta name=\"twitter:site\" content=\"@HabilisCat\" \/>\n<meta name=\"twitter:label1\" content=\"Escrito por\" \/>\n\t<meta name=\"twitter:data1\" content=\"Redacci\u00f3\" \/>\n\t<meta name=\"twitter:label2\" content=\"Tiempo de lectura\" \/>\n\t<meta name=\"twitter:data2\" content=\"4 minutos\" \/>\n<script type=\"application\/ld+json\" class=\"yoast-schema-graph\">{\"@context\":\"https:\/\/schema.org\",\"@graph\":[{\"@type\":\"Article\",\"@id\":\"https:\/\/habilis.ro-botica.com\/es\/arranca-objectiu-la-terra-el-curso-b2-per-a-docentes-organizado-por-habilis\/#article\",\"isPartOf\":{\"@id\":\"https:\/\/habilis.ro-botica.com\/es\/arranca-objectiu-la-terra-el-curso-b2-per-a-docentes-organizado-por-habilis\/\"},\"author\":{\"name\":\"Redacci\u00f3\",\"@id\":\"https:\/\/habilis.ro-botica.com\/es\/#\/schema\/person\/7c2554afbb78080c40cd782491ebfeaa\"},\"headline\":\"Arranca &#8216;Objectiu: la Terra&#8217;, el curso B2 per a docentes organizado por Habilis\",\"datePublished\":\"2023-07-05T06:48:51+00:00\",\"dateModified\":\"2024-07-03T11:53:20+00:00\",\"mainEntityOfPage\":{\"@id\":\"https:\/\/habilis.ro-botica.com\/es\/arranca-objectiu-la-terra-el-curso-b2-per-a-docentes-organizado-por-habilis\/\"},\"wordCount\":544,\"publisher\":{\"@id\":\"https:\/\/habilis.ro-botica.com\/es\/#organization\"},\"image\":{\"@id\":\"https:\/\/habilis.ro-botica.com\/es\/arranca-objectiu-la-terra-el-curso-b2-per-a-docentes-organizado-por-habilis\/#primaryimage\"},\"thumbnailUrl\":\"https:\/\/habilis.ro-botica.com\/wp-content\/uploads\/2023\/07\/WhatsApp-Image-2023-07-04-at-11.09.48-1-1.jpeg\",\"keywords\":[\"Ciclo\",\"Ciclo infantil\",\"Ciclo inicial\",\"Ciclo superior\",\"Competencia Digital Docente\",\"Cosmos\",\"Formaciones\",\"Formaciones al profesorado\",\"Formaciones para docentes\"],\"articleSection\":[\"Noticias\"],\"inLanguage\":\"es\"},{\"@type\":\"WebPage\",\"@id\":\"https:\/\/habilis.ro-botica.com\/es\/arranca-objectiu-la-terra-el-curso-b2-per-a-docentes-organizado-por-habilis\/\",\"url\":\"https:\/\/habilis.ro-botica.com\/es\/arranca-objectiu-la-terra-el-curso-b2-per-a-docentes-organizado-por-habilis\/\",\"name\":\"Arranca 'Objectiu: la Terra', el curso B2 per a docentes organizado por Habilis - Habilis\",\"isPartOf\":{\"@id\":\"https:\/\/habilis.ro-botica.com\/es\/#website\"},\"primaryImageOfPage\":{\"@id\":\"https:\/\/habilis.ro-botica.com\/es\/arranca-objectiu-la-terra-el-curso-b2-per-a-docentes-organizado-por-habilis\/#primaryimage\"},\"image\":{\"@id\":\"https:\/\/habilis.ro-botica.com\/es\/arranca-objectiu-la-terra-el-curso-b2-per-a-docentes-organizado-por-habilis\/#primaryimage\"},\"thumbnailUrl\":\"https:\/\/habilis.ro-botica.com\/wp-content\/uploads\/2023\/07\/WhatsApp-Image-2023-07-04-at-11.09.48-1-1.jpeg\",\"datePublished\":\"2023-07-05T06:48:51+00:00\",\"dateModified\":\"2024-07-03T11:53:20+00:00\",\"breadcrumb\":{\"@id\":\"https:\/\/habilis.ro-botica.com\/es\/arranca-objectiu-la-terra-el-curso-b2-per-a-docentes-organizado-por-habilis\/#breadcrumb\"},\"inLanguage\":\"es\",\"potentialAction\":[{\"@type\":\"ReadAction\",\"target\":[\"https:\/\/habilis.ro-botica.com\/es\/arranca-objectiu-la-terra-el-curso-b2-per-a-docentes-organizado-por-habilis\/\"]}]},{\"@type\":\"ImageObject\",\"inLanguage\":\"es\",\"@id\":\"https:\/\/habilis.ro-botica.com\/es\/arranca-objectiu-la-terra-el-curso-b2-per-a-docentes-organizado-por-habilis\/#primaryimage\",\"url\":\"https:\/\/habilis.ro-botica.com\/wp-content\/uploads\/2023\/07\/WhatsApp-Image-2023-07-04-at-11.09.48-1-1.jpeg\",\"contentUrl\":\"https:\/\/habilis.ro-botica.com\/wp-content\/uploads\/2023\/07\/WhatsApp-Image-2023-07-04-at-11.09.48-1-1.jpeg\",\"width\":500,\"height\":500},{\"@type\":\"BreadcrumbList\",\"@id\":\"https:\/\/habilis.ro-botica.com\/es\/arranca-objectiu-la-terra-el-curso-b2-per-a-docentes-organizado-por-habilis\/#breadcrumb\",\"itemListElement\":[{\"@type\":\"ListItem\",\"position\":1,\"name\":\"Portada\",\"item\":\"https:\/\/habilis.ro-botica.com\/es\/\"},{\"@type\":\"ListItem\",\"position\":2,\"name\":\"Arranca &#8216;Objectiu: la Terra&#8217;, el curso B2 per a docentes organizado por Habilis\"}]},{\"@type\":\"WebSite\",\"@id\":\"https:\/\/habilis.ro-botica.com\/es\/#website\",\"url\":\"https:\/\/habilis.ro-botica.com\/es\/\",\"name\":\"Habilis\",\"description\":\"Aprende con las manos\",\"publisher\":{\"@id\":\"https:\/\/habilis.ro-botica.com\/es\/#organization\"},\"potentialAction\":[{\"@type\":\"SearchAction\",\"target\":{\"@type\":\"EntryPoint\",\"urlTemplate\":\"https:\/\/habilis.ro-botica.com\/es\/?s={search_term_string}\"},\"query-input\":{\"@type\":\"PropertyValueSpecification\",\"valueRequired\":true,\"valueName\":\"search_term_string\"}}],\"inLanguage\":\"es\"},{\"@type\":\"Organization\",\"@id\":\"https:\/\/habilis.ro-botica.com\/es\/#organization\",\"name\":\"Habilis\",\"url\":\"https:\/\/habilis.ro-botica.com\/es\/\",\"logo\":{\"@type\":\"ImageObject\",\"inLanguage\":\"es\",\"@id\":\"https:\/\/habilis.ro-botica.com\/es\/#\/schema\/logo\/image\/\",\"url\":\"https:\/\/habilis.ro-botica.com\/wp-content\/uploads\/2023\/08\/logo-habilis-430.png\",\"contentUrl\":\"https:\/\/habilis.ro-botica.com\/wp-content\/uploads\/2023\/08\/logo-habilis-430.png\",\"width\":888,\"height\":189,\"caption\":\"Habilis\"},\"image\":{\"@id\":\"https:\/\/habilis.ro-botica.com\/es\/#\/schema\/logo\/image\/\"},\"sameAs\":[\"https:\/\/x.com\/HabilisCat\",\"https:\/\/www.instagram.com\/habiliscat\/\",\"https:\/\/www.linkedin.com\/company\/habiliscat\/about\/\"]},{\"@type\":\"Person\",\"@id\":\"https:\/\/habilis.ro-botica.com\/es\/#\/schema\/person\/7c2554afbb78080c40cd782491ebfeaa\",\"name\":\"Redacci\u00f3\",\"image\":{\"@type\":\"ImageObject\",\"inLanguage\":\"es\",\"@id\":\"https:\/\/habilis.ro-botica.com\/es\/#\/schema\/person\/image\/\",\"url\":\"https:\/\/secure.gravatar.com\/avatar\/307b1dbbd2691b486ab8f9973819adbdaffc8236e44e3fa02f9ffc76c56f9512?s=96&d=mm&r=g\",\"contentUrl\":\"https:\/\/secure.gravatar.com\/avatar\/307b1dbbd2691b486ab8f9973819adbdaffc8236e44e3fa02f9ffc76c56f9512?s=96&d=mm&r=g\",\"caption\":\"Redacci\u00f3\"},\"url\":\"https:\/\/habilis.ro-botica.com\/es\/author\/redaccio\/\"}]}<\/script>\n<!-- \/ Yoast SEO plugin. -->","yoast_head_json":{"title":"Arranca 'Objectiu: la Terra', el curso B2 per a docentes organizado por Habilis - Habilis","robots":{"index":"index","follow":"follow","max-snippet":"max-snippet:-1","max-image-preview":"max-image-preview:large","max-video-preview":"max-video-preview:-1"},"canonical":"https:\/\/habilis.ro-botica.com\/es\/arranca-objectiu-la-terra-el-curso-b2-per-a-docentes-organizado-por-habilis\/","og_locale":"es_ES","og_type":"article","og_title":"Arranca 'Objectiu: la Terra', el curso B2 per a docentes organizado por Habilis - Habilis","og_description":"La formaci\u00f3, que certificar\u00e0 el nivell B2, es fa en col\u00b7laboraci\u00f3 amb la Universitat Blanquerna i la Federaci\u00f3 d\u2019Escoles Cristianes de Catalunya.","og_url":"https:\/\/habilis.ro-botica.com\/es\/arranca-objectiu-la-terra-el-curso-b2-per-a-docentes-organizado-por-habilis\/","og_site_name":"Habilis","article_published_time":"2023-07-05T06:48:51+00:00","article_modified_time":"2024-07-03T11:53:20+00:00","og_image":[{"width":500,"height":500,"url":"https:\/\/habilis.ro-botica.com\/wp-content\/uploads\/2023\/07\/WhatsApp-Image-2023-07-04-at-11.09.48-1-1.jpeg","type":"image\/jpeg"}],"author":"Redacci\u00f3","twitter_card":"summary_large_image","twitter_creator":"@HabilisCat","twitter_site":"@HabilisCat","twitter_misc":{"Escrito por":"Redacci\u00f3","Tiempo de lectura":"4 minutos"},"schema":{"@context":"https:\/\/schema.org","@graph":[{"@type":"Article","@id":"https:\/\/habilis.ro-botica.com\/es\/arranca-objectiu-la-terra-el-curso-b2-per-a-docentes-organizado-por-habilis\/#article","isPartOf":{"@id":"https:\/\/habilis.ro-botica.com\/es\/arranca-objectiu-la-terra-el-curso-b2-per-a-docentes-organizado-por-habilis\/"},"author":{"name":"Redacci\u00f3","@id":"https:\/\/habilis.ro-botica.com\/es\/#\/schema\/person\/7c2554afbb78080c40cd782491ebfeaa"},"headline":"Arranca &#8216;Objectiu: la Terra&#8217;, el curso B2 per a docentes organizado por Habilis","datePublished":"2023-07-05T06:48:51+00:00","dateModified":"2024-07-03T11:53:20+00:00","mainEntityOfPage":{"@id":"https:\/\/habilis.ro-botica.com\/es\/arranca-objectiu-la-terra-el-curso-b2-per-a-docentes-organizado-por-habilis\/"},"wordCount":544,"publisher":{"@id":"https:\/\/habilis.ro-botica.com\/es\/#organization"},"image":{"@id":"https:\/\/habilis.ro-botica.com\/es\/arranca-objectiu-la-terra-el-curso-b2-per-a-docentes-organizado-por-habilis\/#primaryimage"},"thumbnailUrl":"https:\/\/habilis.ro-botica.com\/wp-content\/uploads\/2023\/07\/WhatsApp-Image-2023-07-04-at-11.09.48-1-1.jpeg","keywords":["Ciclo","Ciclo infantil","Ciclo inicial","Ciclo superior","Competencia Digital Docente","Cosmos","Formaciones","Formaciones al profesorado","Formaciones para docentes"],"articleSection":["Noticias"],"inLanguage":"es"},{"@type":"WebPage","@id":"https:\/\/habilis.ro-botica.com\/es\/arranca-objectiu-la-terra-el-curso-b2-per-a-docentes-organizado-por-habilis\/","url":"https:\/\/habilis.ro-botica.com\/es\/arranca-objectiu-la-terra-el-curso-b2-per-a-docentes-organizado-por-habilis\/","name":"Arranca 'Objectiu: la Terra', el curso B2 per a docentes organizado por Habilis - Habilis","isPartOf":{"@id":"https:\/\/habilis.ro-botica.com\/es\/#website"},"primaryImageOfPage":{"@id":"https:\/\/habilis.ro-botica.com\/es\/arranca-objectiu-la-terra-el-curso-b2-per-a-docentes-organizado-por-habilis\/#primaryimage"},"image":{"@id":"https:\/\/habilis.ro-botica.com\/es\/arranca-objectiu-la-terra-el-curso-b2-per-a-docentes-organizado-por-habilis\/#primaryimage"},"thumbnailUrl":"https:\/\/habilis.ro-botica.com\/wp-content\/uploads\/2023\/07\/WhatsApp-Image-2023-07-04-at-11.09.48-1-1.jpeg","datePublished":"2023-07-05T06:48:51+00:00","dateModified":"2024-07-03T11:53:20+00:00","breadcrumb":{"@id":"https:\/\/habilis.ro-botica.com\/es\/arranca-objectiu-la-terra-el-curso-b2-per-a-docentes-organizado-por-habilis\/#breadcrumb"},"inLanguage":"es","potentialAction":[{"@type":"ReadAction","target":["https:\/\/habilis.ro-botica.com\/es\/arranca-objectiu-la-terra-el-curso-b2-per-a-docentes-organizado-por-habilis\/"]}]},{"@type":"ImageObject","inLanguage":"es","@id":"https:\/\/habilis.ro-botica.com\/es\/arranca-objectiu-la-terra-el-curso-b2-per-a-docentes-organizado-por-habilis\/#primaryimage","url":"https:\/\/habilis.ro-botica.com\/wp-content\/uploads\/2023\/07\/WhatsApp-Image-2023-07-04-at-11.09.48-1-1.jpeg","contentUrl":"https:\/\/habilis.ro-botica.com\/wp-content\/uploads\/2023\/07\/WhatsApp-Image-2023-07-04-at-11.09.48-1-1.jpeg","width":500,"height":500},{"@type":"BreadcrumbList","@id":"https:\/\/habilis.ro-botica.com\/es\/arranca-objectiu-la-terra-el-curso-b2-per-a-docentes-organizado-por-habilis\/#breadcrumb","itemListElement":[{"@type":"ListItem","position":1,"name":"Portada","item":"https:\/\/habilis.ro-botica.com\/es\/"},{"@type":"ListItem","position":2,"name":"Arranca &#8216;Objectiu: la Terra&#8217;, el curso B2 per a docentes organizado por Habilis"}]},{"@type":"WebSite","@id":"https:\/\/habilis.ro-botica.com\/es\/#website","url":"https:\/\/habilis.ro-botica.com\/es\/","name":"Habilis","description":"Aprende con las manos","publisher":{"@id":"https:\/\/habilis.ro-botica.com\/es\/#organization"},"potentialAction":[{"@type":"SearchAction","target":{"@type":"EntryPoint","urlTemplate":"https:\/\/habilis.ro-botica.com\/es\/?s={search_term_string}"},"query-input":{"@type":"PropertyValueSpecification","valueRequired":true,"valueName":"search_term_string"}}],"inLanguage":"es"},{"@type":"Organization","@id":"https:\/\/habilis.ro-botica.com\/es\/#organization","name":"Habilis","url":"https:\/\/habilis.ro-botica.com\/es\/","logo":{"@type":"ImageObject","inLanguage":"es","@id":"https:\/\/habilis.ro-botica.com\/es\/#\/schema\/logo\/image\/","url":"https:\/\/habilis.ro-botica.com\/wp-content\/uploads\/2023\/08\/logo-habilis-430.png","contentUrl":"https:\/\/habilis.ro-botica.com\/wp-content\/uploads\/2023\/08\/logo-habilis-430.png","width":888,"height":189,"caption":"Habilis"},"image":{"@id":"https:\/\/habilis.ro-botica.com\/es\/#\/schema\/logo\/image\/"},"sameAs":["https:\/\/x.com\/HabilisCat","https:\/\/www.instagram.com\/habiliscat\/","https:\/\/www.linkedin.com\/company\/habiliscat\/about\/"]},{"@type":"Person","@id":"https:\/\/habilis.ro-botica.com\/es\/#\/schema\/person\/7c2554afbb78080c40cd782491ebfeaa","name":"Redacci\u00f3","image":{"@type":"ImageObject","inLanguage":"es","@id":"https:\/\/habilis.ro-botica.com\/es\/#\/schema\/person\/image\/","url":"https:\/\/secure.gravatar.com\/avatar\/307b1dbbd2691b486ab8f9973819adbdaffc8236e44e3fa02f9ffc76c56f9512?s=96&d=mm&r=g","contentUrl":"https:\/\/secure.gravatar.com\/avatar\/307b1dbbd2691b486ab8f9973819adbdaffc8236e44e3fa02f9ffc76c56f9512?s=96&d=mm&r=g","caption":"Redacci\u00f3"},"url":"https:\/\/habilis.ro-botica.com\/es\/author\/redaccio\/"}]}},"_links":{"self":[{"href":"https:\/\/habilis.ro-botica.com\/es\/wp-json\/wp\/v2\/posts\/4636","targetHints":{"allow":["GET"]}}],"collection":[{"href":"https:\/\/habilis.ro-botica.com\/es\/wp-json\/wp\/v2\/posts"}],"about":[{"href":"https:\/\/habilis.ro-botica.com\/es\/wp-json\/wp\/v2\/types\/post"}],"author":[{"embeddable":true,"href":"https:\/\/habilis.ro-botica.com\/es\/wp-json\/wp\/v2\/users\/6"}],"replies":[{"embeddable":true,"href":"https:\/\/habilis.ro-botica.com\/es\/wp-json\/wp\/v2\/comments?post=4636"}],"version-history":[{"count":0,"href":"https:\/\/habilis.ro-botica.com\/es\/wp-json\/wp\/v2\/posts\/4636\/revisions"}],"wp:featuredmedia":[{"embeddable":true,"href":"https:\/\/habilis.ro-botica.com\/es\/wp-json\/wp\/v2\/media\/3783"}],"wp:attachment":[{"href":"https:\/\/habilis.ro-botica.com\/es\/wp-json\/wp\/v2\/media?parent=4636"}],"wp:term":[{"taxonomy":"category","embeddable":true,"href":"https:\/\/habilis.ro-botica.com\/es\/wp-json\/wp\/v2\/categories?post=4636"},{"taxonomy":"post_tag","embeddable":true,"href":"https:\/\/habilis.ro-botica.com\/es\/wp-json\/wp\/v2\/tags?post=4636"}],"curies":[{"name":"wp","href":"https:\/\/api.w.org\/{rel}","templated":true}]}}