{"id":4679,"date":"2023-04-21T15:35:42","date_gmt":"2023-04-21T14:35:42","guid":{"rendered":"https:\/\/habilis.ro-botica.com\/novetats-editorials-daquest-sant-jordi-que-ens-parlen-deducacio\/"},"modified":"2024-06-25T12:32:18","modified_gmt":"2024-06-25T11:32:18","slug":"novedades-editoriales-de-este-sant-jordi-que-hablan-de-educacion","status":"publish","type":"post","link":"https:\/\/habilis.ro-botica.com\/es\/novedades-editoriales-de-este-sant-jordi-que-hablan-de-educacion\/","title":{"rendered":"Novedades editoriales de este Sant Jordi que hablan de educaci\u00f3n"},"content":{"rendered":"\n<p>Sant Jordi llega cargado con algunos t\u00edtulos para aquellos entusiastas del mundo educativo, que nos ofrecen pistas para entender y acompa\u00f1ar mejor los procesos de aprendizaje de ni\u00f1os y adolescentes. No os las perd\u00e9is!<\/p>\n\n\n\n<p><strong><em>Lectures que fan lectors<\/em>&nbsp;de Cristina Correro y Joan Portell (Eumo Editorial)<\/strong><br>Una lectura destinada a profesionales del mundo de los libros -docentes, bibliotecarios, cr\u00edticos o libreros- para fomentar los h\u00e1bitos lectores entre los m\u00e1s j\u00f3venes y revertir una situaci\u00f3n cr\u00edtica en las aulas y es que las competencias en lectoescritura evidencian una p\u00e9rdida de aprendizajes como alerta el Departamento de Educaci\u00f3n en esta nota de prensa. Factores como la pandemia y el uso abusivo de las pantallas, seg\u00fan a\u00f1aden profesionales de bibliotecas y guarder\u00edas, explicar\u00edan -en parte- este retroceso.<\/p>\n\n\n\n<p>Los profesores Joan Portell y Cristina Correro, especialistas en literatura infantil y juvenil, apuntan en este volumen algunas estrategias para recomendar lecturas, que no solo se basan en la edad sino tambi\u00e9n en \u201cla experiencia de cada individuo\u201d. Adem\u00e1s, definen como tendr\u00eda que ser \u201cun buen plan lector\u201d para que despierte el inter\u00e9s del alumnado. En este sentido, en la programaci\u00f3n de unos determinados t\u00edtulos, Correro y Portell proponen a\u00f1adir actividades que fomenten el di\u00e1logo y la reflexi\u00f3n como lecturas compartidas, clubes de lectura, intercambio lector o grupos de animaci\u00f3n lectora.<\/p>\n\n\n<div class=\"wp-block-image\">\n<figure class=\"aligncenter\"><img loading=\"lazy\" decoding=\"async\" width=\"391\" height=\"600\" src=\"https:\/\/habilis.ro-botica.com\/wp-content\/uploads\/2024\/04\/Frontal_Lectures_que_fan_lectors_2023-391x600-1.webp\" alt=\"\" class=\"wp-image-1106\" srcset=\"https:\/\/habilis.ro-botica.com\/wp-content\/uploads\/2024\/04\/Frontal_Lectures_que_fan_lectors_2023-391x600-1.webp 391w, https:\/\/habilis.ro-botica.com\/wp-content\/uploads\/2024\/04\/Frontal_Lectures_que_fan_lectors_2023-391x600-1-196x300.webp 196w\" sizes=\"auto, (max-width: 391px) 100vw, 391px\" \/><\/figure>\n<\/div>\n\n\n<p><strong><em>El cerebro del adolescente<\/em>\u00a0de David Bueno (Rosa dels Vents)<\/strong><br>El cerebro de un adolescente se reconfigura y experimenta cambios de conectividad comparables a la metamorfosis de un animal, afirma el neurocient\u00edfico David Bueno. Conferenciando, comunicador y divulgador, habitual en muchos medios de comunicaci\u00f3n donde ha dado a conocer las claves para entender como aprendemos, el doctor Bueno se adentra en esta ocasi\u00f3n en una de las etapas clave en el desarrollo de la persona hacia la edad adulta, a menudo incomprendida por la mayor\u00eda y cargada de estereotipos. Para saber c\u00f3mo funciona el cerebro del adolescente y as\u00ed entender y acompa\u00f1ar mejor a nuestros j\u00f3venes durante esta etapa, David Bueno publica<em>\u00a0El cerebro del adolescente<\/em>\u00a0(Rosa dels Vents), un discurso \u00fanico que nos ofrece algunas estrategias para que esta etapa sea fruct\u00edfera en el camino hacia una adultez sana y digna.<\/p>\n\n\n<div class=\"wp-block-image\">\n<figure class=\"aligncenter\"><img loading=\"lazy\" decoding=\"async\" width=\"395\" height=\"600\" src=\"https:\/\/habilis.ro-botica.com\/wp-content\/uploads\/2024\/04\/VT62506_cubierta_el-cervell-de-l_adolescent-395x600-1.jpg\" alt=\"\" class=\"wp-image-1108\" srcset=\"https:\/\/habilis.ro-botica.com\/wp-content\/uploads\/2024\/04\/VT62506_cubierta_el-cervell-de-l_adolescent-395x600-1.jpg 395w, https:\/\/habilis.ro-botica.com\/wp-content\/uploads\/2024\/04\/VT62506_cubierta_el-cervell-de-l_adolescent-395x600-1-198x300.jpg 198w\" sizes=\"auto, (max-width: 395px) 100vw, 395px\" \/><\/figure>\n<\/div>\n\n\n<p><strong><em>En busca del tiempo en que vivimos<\/em>\u00a0de Gregorio Luri (Ed. Deusto)<\/strong><br>Un ensayo sobre filosof\u00eda antropol\u00f3gica que se sirve de las preguntas sobre los l\u00edmites del mundo humano como pruebas para diagnosticar los tiempos en los cuales vivimos. La humanidad apunta el maestro, pedagogo y fil\u00f3sofo Gregorio Luri, tiene la sensaci\u00f3n que vive en el fin de los tiempos, que el hombre actual se ha cansado de \u00e9l mismo y de su dominio de la Tierra. En este contexto, que el hombre est\u00e9 desorientado, apunta, no es noticia; ni tampoco que tenga miedo al futuro. Ahora bien, que tenga miedo de \u00e9l mismo, que no sepa gestionar el mundo en el cual vive, s\u00ed que es nuevo, y lo peor, seg\u00fan Luri, es que esta amenaza ha llegado a las escuelas.<\/p>\n\n\n<div class=\"wp-block-image\">\n<figure class=\"aligncenter\"><img loading=\"lazy\" decoding=\"async\" width=\"453\" height=\"600\" src=\"https:\/\/habilis.ro-botica.com\/wp-content\/uploads\/2024\/04\/3D_Tiempos-453x600-1.png\" alt=\"\" class=\"wp-image-1104\" srcset=\"https:\/\/habilis.ro-botica.com\/wp-content\/uploads\/2024\/04\/3D_Tiempos-453x600-1.png 453w, https:\/\/habilis.ro-botica.com\/wp-content\/uploads\/2024\/04\/3D_Tiempos-453x600-1-227x300.png 227w\" sizes=\"auto, (max-width: 453px) 100vw, 453px\" \/><\/figure>\n<\/div>\n\n\n<p><strong><em>Cerebro, infancia y juego<\/em>\u00a0de Mar\u00eda Couso (Ed. Destino)<br><\/strong>\u00a1Es hora de jugar pero para todo el mundo! La pedagoga y maestra Mar\u00eda Couso, especialista en neuroeducaci\u00f3n, nos invita a descubrir todos los aprendizajes que nos aportan los juegos de mesa modernos en su primer libro\u00a0<em>Cerebro, infancia y juego<\/em>\u00a0(Ed. Destino) con pr\u00f3logo de David Bueno. Dejar salir el cami\u00f3n de los helados atrapado en un atasco, descubrir donde est\u00e1 el lobo o robar un preciado diamante\u2026son algunos de los retos que nos plantean juegos de l\u00f3gica como el\u00a0<em>Rushhour<\/em>,\u00a0<em>Los Tres Cerditos<\/em>\u00a0(Smartgames) o\u00a0<em>C\u00f3digo Secreto<\/em>\u00a0(Haba). Estos juegos nos permiten poner en pr\u00e1ctica las matem\u00e1ticas, la l\u00f3gica, la lectoescritura o la memoria de manera l\u00fadica y divertida, sea individualmente o en familia. Pod\u00e9is seguir a Maria Couso en las redes a trav\u00e9s de su perfil PlayFunLearning donde publica contenido sobre maternidad, neuroeducaci\u00f3n y juegos de mesa.<\/p>\n\n\n<div class=\"wp-block-image\">\n<figure class=\"aligncenter\"><img loading=\"lazy\" decoding=\"async\" width=\"432\" height=\"600\" src=\"https:\/\/habilis.ro-botica.com\/wp-content\/uploads\/2024\/04\/3d-cerebro-infancia-y-juego_maria-couso_202211280935-432x600-1.png\" alt=\"\" class=\"wp-image-1105\" srcset=\"https:\/\/habilis.ro-botica.com\/wp-content\/uploads\/2024\/04\/3d-cerebro-infancia-y-juego_maria-couso_202211280935-432x600-1.png 432w, https:\/\/habilis.ro-botica.com\/wp-content\/uploads\/2024\/04\/3d-cerebro-infancia-y-juego_maria-couso_202211280935-432x600-1-216x300.png 216w\" sizes=\"auto, (max-width: 432px) 100vw, 432px\" \/><\/figure>\n<\/div>","protected":false},"excerpt":{"rendered":"<p>Autores como Cristina Correro, David Bueno o Mar\u00eda Couso acaban de publicar obras enfocadas en la educaci\u00f3n y los j\u00f3venes<\/p>\n","protected":false},"author":6,"featured_media":3817,"comment_status":"closed","ping_status":"closed","sticky":false,"template":"","format":"standard","meta":{"_acf_changed":false,"inline_featured_image":false,"footnotes":""},"categories":[22],"tags":[139,104,125],"class_list":["post-4679","post","type-post","status-publish","format-standard","has-post-thumbnail","hentry","category-recomendamos","tag-desarrollo-infantil","tag-educacion-consciente","tag-parenting-es","generate-columns","tablet-grid-50","mobile-grid-100","grid-parent","grid-25"],"acf":[],"yoast_head":"<!-- This site is optimized with the Yoast SEO plugin v25.5 - https:\/\/yoast.com\/wordpress\/plugins\/seo\/ -->\n<title>Novedades editoriales de este Sant Jordi que hablan de educaci\u00f3n - Habilis<\/title>\n<meta name=\"robots\" content=\"index, follow, max-snippet:-1, max-image-preview:large, max-video-preview:-1\" \/>\n<link rel=\"canonical\" href=\"https:\/\/habilis.ro-botica.com\/es\/novedades-editoriales-de-este-sant-jordi-que-hablan-de-educacion\/\" \/>\n<meta property=\"og:locale\" content=\"es_ES\" \/>\n<meta property=\"og:type\" content=\"article\" \/>\n<meta property=\"og:title\" content=\"Novedades editoriales de este Sant Jordi que hablan de educaci\u00f3n - Habilis\" \/>\n<meta property=\"og:description\" content=\"Autores como Cristina Correro, David Bueno o Mar\u00eda Couso acaban de publicar obras enfocadas en la educaci\u00f3n y los j\u00f3venes\" \/>\n<meta property=\"og:url\" content=\"https:\/\/habilis.ro-botica.com\/es\/novedades-editoriales-de-este-sant-jordi-que-hablan-de-educacion\/\" \/>\n<meta property=\"og:site_name\" content=\"Habilis\" \/>\n<meta property=\"article:published_time\" content=\"2023-04-21T14:35:42+00:00\" \/>\n<meta property=\"article:modified_time\" content=\"2024-06-25T11:32:18+00:00\" \/>\n<meta property=\"og:image\" content=\"https:\/\/habilis.ro-botica.com\/wp-content\/uploads\/2023\/04\/llibres2-300x300-1.jpg\" \/>\n\t<meta property=\"og:image:width\" content=\"300\" \/>\n\t<meta property=\"og:image:height\" content=\"300\" \/>\n\t<meta property=\"og:image:type\" content=\"image\/jpeg\" \/>\n<meta name=\"author\" content=\"Redacci\u00f3\" \/>\n<meta name=\"twitter:card\" content=\"summary_large_image\" \/>\n<meta name=\"twitter:creator\" content=\"@HabilisCat\" \/>\n<meta name=\"twitter:site\" content=\"@HabilisCat\" \/>\n<meta name=\"twitter:label1\" content=\"Escrito por\" \/>\n\t<meta name=\"twitter:data1\" content=\"Redacci\u00f3\" \/>\n\t<meta name=\"twitter:label2\" content=\"Tiempo de lectura\" \/>\n\t<meta name=\"twitter:data2\" content=\"5 minutos\" \/>\n<script type=\"application\/ld+json\" class=\"yoast-schema-graph\">{\"@context\":\"https:\/\/schema.org\",\"@graph\":[{\"@type\":\"Article\",\"@id\":\"https:\/\/habilis.ro-botica.com\/es\/novedades-editoriales-de-este-sant-jordi-que-hablan-de-educacion\/#article\",\"isPartOf\":{\"@id\":\"https:\/\/habilis.ro-botica.com\/es\/novedades-editoriales-de-este-sant-jordi-que-hablan-de-educacion\/\"},\"author\":{\"name\":\"Redacci\u00f3\",\"@id\":\"https:\/\/habilis.ro-botica.com\/es\/#\/schema\/person\/7c2554afbb78080c40cd782491ebfeaa\"},\"headline\":\"Novedades editoriales de este Sant Jordi que hablan de educaci\u00f3n\",\"datePublished\":\"2023-04-21T14:35:42+00:00\",\"dateModified\":\"2024-06-25T11:32:18+00:00\",\"mainEntityOfPage\":{\"@id\":\"https:\/\/habilis.ro-botica.com\/es\/novedades-editoriales-de-este-sant-jordi-que-hablan-de-educacion\/\"},\"wordCount\":705,\"publisher\":{\"@id\":\"https:\/\/habilis.ro-botica.com\/es\/#organization\"},\"image\":{\"@id\":\"https:\/\/habilis.ro-botica.com\/es\/novedades-editoriales-de-este-sant-jordi-que-hablan-de-educacion\/#primaryimage\"},\"thumbnailUrl\":\"https:\/\/habilis.ro-botica.com\/wp-content\/uploads\/2023\/04\/llibres2-300x300-1.jpg\",\"keywords\":[\"Desarrollo infantil\",\"Educaci\u00f3n consciente\",\"Parenting\"],\"articleSection\":[\"Recomendamos\"],\"inLanguage\":\"es\"},{\"@type\":\"WebPage\",\"@id\":\"https:\/\/habilis.ro-botica.com\/es\/novedades-editoriales-de-este-sant-jordi-que-hablan-de-educacion\/\",\"url\":\"https:\/\/habilis.ro-botica.com\/es\/novedades-editoriales-de-este-sant-jordi-que-hablan-de-educacion\/\",\"name\":\"Novedades editoriales de este Sant Jordi que hablan de educaci\u00f3n - Habilis\",\"isPartOf\":{\"@id\":\"https:\/\/habilis.ro-botica.com\/es\/#website\"},\"primaryImageOfPage\":{\"@id\":\"https:\/\/habilis.ro-botica.com\/es\/novedades-editoriales-de-este-sant-jordi-que-hablan-de-educacion\/#primaryimage\"},\"image\":{\"@id\":\"https:\/\/habilis.ro-botica.com\/es\/novedades-editoriales-de-este-sant-jordi-que-hablan-de-educacion\/#primaryimage\"},\"thumbnailUrl\":\"https:\/\/habilis.ro-botica.com\/wp-content\/uploads\/2023\/04\/llibres2-300x300-1.jpg\",\"datePublished\":\"2023-04-21T14:35:42+00:00\",\"dateModified\":\"2024-06-25T11:32:18+00:00\",\"breadcrumb\":{\"@id\":\"https:\/\/habilis.ro-botica.com\/es\/novedades-editoriales-de-este-sant-jordi-que-hablan-de-educacion\/#breadcrumb\"},\"inLanguage\":\"es\",\"potentialAction\":[{\"@type\":\"ReadAction\",\"target\":[\"https:\/\/habilis.ro-botica.com\/es\/novedades-editoriales-de-este-sant-jordi-que-hablan-de-educacion\/\"]}]},{\"@type\":\"ImageObject\",\"inLanguage\":\"es\",\"@id\":\"https:\/\/habilis.ro-botica.com\/es\/novedades-editoriales-de-este-sant-jordi-que-hablan-de-educacion\/#primaryimage\",\"url\":\"https:\/\/habilis.ro-botica.com\/wp-content\/uploads\/2023\/04\/llibres2-300x300-1.jpg\",\"contentUrl\":\"https:\/\/habilis.ro-botica.com\/wp-content\/uploads\/2023\/04\/llibres2-300x300-1.jpg\",\"width\":300,\"height\":300,\"caption\":\"Close up of books on desk in library.\"},{\"@type\":\"BreadcrumbList\",\"@id\":\"https:\/\/habilis.ro-botica.com\/es\/novedades-editoriales-de-este-sant-jordi-que-hablan-de-educacion\/#breadcrumb\",\"itemListElement\":[{\"@type\":\"ListItem\",\"position\":1,\"name\":\"Portada\",\"item\":\"https:\/\/habilis.ro-botica.com\/es\/\"},{\"@type\":\"ListItem\",\"position\":2,\"name\":\"Novedades editoriales de este Sant Jordi que hablan de educaci\u00f3n\"}]},{\"@type\":\"WebSite\",\"@id\":\"https:\/\/habilis.ro-botica.com\/es\/#website\",\"url\":\"https:\/\/habilis.ro-botica.com\/es\/\",\"name\":\"Habilis\",\"description\":\"Aprende con las manos\",\"publisher\":{\"@id\":\"https:\/\/habilis.ro-botica.com\/es\/#organization\"},\"potentialAction\":[{\"@type\":\"SearchAction\",\"target\":{\"@type\":\"EntryPoint\",\"urlTemplate\":\"https:\/\/habilis.ro-botica.com\/es\/?s={search_term_string}\"},\"query-input\":{\"@type\":\"PropertyValueSpecification\",\"valueRequired\":true,\"valueName\":\"search_term_string\"}}],\"inLanguage\":\"es\"},{\"@type\":\"Organization\",\"@id\":\"https:\/\/habilis.ro-botica.com\/es\/#organization\",\"name\":\"Habilis\",\"url\":\"https:\/\/habilis.ro-botica.com\/es\/\",\"logo\":{\"@type\":\"ImageObject\",\"inLanguage\":\"es\",\"@id\":\"https:\/\/habilis.ro-botica.com\/es\/#\/schema\/logo\/image\/\",\"url\":\"https:\/\/habilis.ro-botica.com\/wp-content\/uploads\/2023\/08\/logo-habilis-430.png\",\"contentUrl\":\"https:\/\/habilis.ro-botica.com\/wp-content\/uploads\/2023\/08\/logo-habilis-430.png\",\"width\":888,\"height\":189,\"caption\":\"Habilis\"},\"image\":{\"@id\":\"https:\/\/habilis.ro-botica.com\/es\/#\/schema\/logo\/image\/\"},\"sameAs\":[\"https:\/\/x.com\/HabilisCat\",\"https:\/\/www.instagram.com\/habiliscat\/\",\"https:\/\/www.linkedin.com\/company\/habiliscat\/about\/\"]},{\"@type\":\"Person\",\"@id\":\"https:\/\/habilis.ro-botica.com\/es\/#\/schema\/person\/7c2554afbb78080c40cd782491ebfeaa\",\"name\":\"Redacci\u00f3\",\"image\":{\"@type\":\"ImageObject\",\"inLanguage\":\"es\",\"@id\":\"https:\/\/habilis.ro-botica.com\/es\/#\/schema\/person\/image\/\",\"url\":\"https:\/\/secure.gravatar.com\/avatar\/307b1dbbd2691b486ab8f9973819adbdaffc8236e44e3fa02f9ffc76c56f9512?s=96&d=mm&r=g\",\"contentUrl\":\"https:\/\/secure.gravatar.com\/avatar\/307b1dbbd2691b486ab8f9973819adbdaffc8236e44e3fa02f9ffc76c56f9512?s=96&d=mm&r=g\",\"caption\":\"Redacci\u00f3\"},\"url\":\"https:\/\/habilis.ro-botica.com\/es\/author\/redaccio\/\"}]}<\/script>\n<!-- \/ Yoast SEO plugin. -->","yoast_head_json":{"title":"Novedades editoriales de este Sant Jordi que hablan de educaci\u00f3n - Habilis","robots":{"index":"index","follow":"follow","max-snippet":"max-snippet:-1","max-image-preview":"max-image-preview:large","max-video-preview":"max-video-preview:-1"},"canonical":"https:\/\/habilis.ro-botica.com\/es\/novedades-editoriales-de-este-sant-jordi-que-hablan-de-educacion\/","og_locale":"es_ES","og_type":"article","og_title":"Novedades editoriales de este Sant Jordi que hablan de educaci\u00f3n - Habilis","og_description":"Autores como Cristina Correro, David Bueno o Mar\u00eda Couso acaban de publicar obras enfocadas en la educaci\u00f3n y los j\u00f3venes","og_url":"https:\/\/habilis.ro-botica.com\/es\/novedades-editoriales-de-este-sant-jordi-que-hablan-de-educacion\/","og_site_name":"Habilis","article_published_time":"2023-04-21T14:35:42+00:00","article_modified_time":"2024-06-25T11:32:18+00:00","og_image":[{"width":300,"height":300,"url":"https:\/\/habilis.ro-botica.com\/wp-content\/uploads\/2023\/04\/llibres2-300x300-1.jpg","type":"image\/jpeg"}],"author":"Redacci\u00f3","twitter_card":"summary_large_image","twitter_creator":"@HabilisCat","twitter_site":"@HabilisCat","twitter_misc":{"Escrito por":"Redacci\u00f3","Tiempo de lectura":"5 minutos"},"schema":{"@context":"https:\/\/schema.org","@graph":[{"@type":"Article","@id":"https:\/\/habilis.ro-botica.com\/es\/novedades-editoriales-de-este-sant-jordi-que-hablan-de-educacion\/#article","isPartOf":{"@id":"https:\/\/habilis.ro-botica.com\/es\/novedades-editoriales-de-este-sant-jordi-que-hablan-de-educacion\/"},"author":{"name":"Redacci\u00f3","@id":"https:\/\/habilis.ro-botica.com\/es\/#\/schema\/person\/7c2554afbb78080c40cd782491ebfeaa"},"headline":"Novedades editoriales de este Sant Jordi que hablan de educaci\u00f3n","datePublished":"2023-04-21T14:35:42+00:00","dateModified":"2024-06-25T11:32:18+00:00","mainEntityOfPage":{"@id":"https:\/\/habilis.ro-botica.com\/es\/novedades-editoriales-de-este-sant-jordi-que-hablan-de-educacion\/"},"wordCount":705,"publisher":{"@id":"https:\/\/habilis.ro-botica.com\/es\/#organization"},"image":{"@id":"https:\/\/habilis.ro-botica.com\/es\/novedades-editoriales-de-este-sant-jordi-que-hablan-de-educacion\/#primaryimage"},"thumbnailUrl":"https:\/\/habilis.ro-botica.com\/wp-content\/uploads\/2023\/04\/llibres2-300x300-1.jpg","keywords":["Desarrollo infantil","Educaci\u00f3n consciente","Parenting"],"articleSection":["Recomendamos"],"inLanguage":"es"},{"@type":"WebPage","@id":"https:\/\/habilis.ro-botica.com\/es\/novedades-editoriales-de-este-sant-jordi-que-hablan-de-educacion\/","url":"https:\/\/habilis.ro-botica.com\/es\/novedades-editoriales-de-este-sant-jordi-que-hablan-de-educacion\/","name":"Novedades editoriales de este Sant Jordi que hablan de educaci\u00f3n - Habilis","isPartOf":{"@id":"https:\/\/habilis.ro-botica.com\/es\/#website"},"primaryImageOfPage":{"@id":"https:\/\/habilis.ro-botica.com\/es\/novedades-editoriales-de-este-sant-jordi-que-hablan-de-educacion\/#primaryimage"},"image":{"@id":"https:\/\/habilis.ro-botica.com\/es\/novedades-editoriales-de-este-sant-jordi-que-hablan-de-educacion\/#primaryimage"},"thumbnailUrl":"https:\/\/habilis.ro-botica.com\/wp-content\/uploads\/2023\/04\/llibres2-300x300-1.jpg","datePublished":"2023-04-21T14:35:42+00:00","dateModified":"2024-06-25T11:32:18+00:00","breadcrumb":{"@id":"https:\/\/habilis.ro-botica.com\/es\/novedades-editoriales-de-este-sant-jordi-que-hablan-de-educacion\/#breadcrumb"},"inLanguage":"es","potentialAction":[{"@type":"ReadAction","target":["https:\/\/habilis.ro-botica.com\/es\/novedades-editoriales-de-este-sant-jordi-que-hablan-de-educacion\/"]}]},{"@type":"ImageObject","inLanguage":"es","@id":"https:\/\/habilis.ro-botica.com\/es\/novedades-editoriales-de-este-sant-jordi-que-hablan-de-educacion\/#primaryimage","url":"https:\/\/habilis.ro-botica.com\/wp-content\/uploads\/2023\/04\/llibres2-300x300-1.jpg","contentUrl":"https:\/\/habilis.ro-botica.com\/wp-content\/uploads\/2023\/04\/llibres2-300x300-1.jpg","width":300,"height":300,"caption":"Close up of books on desk in library."},{"@type":"BreadcrumbList","@id":"https:\/\/habilis.ro-botica.com\/es\/novedades-editoriales-de-este-sant-jordi-que-hablan-de-educacion\/#breadcrumb","itemListElement":[{"@type":"ListItem","position":1,"name":"Portada","item":"https:\/\/habilis.ro-botica.com\/es\/"},{"@type":"ListItem","position":2,"name":"Novedades editoriales de este Sant Jordi que hablan de educaci\u00f3n"}]},{"@type":"WebSite","@id":"https:\/\/habilis.ro-botica.com\/es\/#website","url":"https:\/\/habilis.ro-botica.com\/es\/","name":"Habilis","description":"Aprende con las manos","publisher":{"@id":"https:\/\/habilis.ro-botica.com\/es\/#organization"},"potentialAction":[{"@type":"SearchAction","target":{"@type":"EntryPoint","urlTemplate":"https:\/\/habilis.ro-botica.com\/es\/?s={search_term_string}"},"query-input":{"@type":"PropertyValueSpecification","valueRequired":true,"valueName":"search_term_string"}}],"inLanguage":"es"},{"@type":"Organization","@id":"https:\/\/habilis.ro-botica.com\/es\/#organization","name":"Habilis","url":"https:\/\/habilis.ro-botica.com\/es\/","logo":{"@type":"ImageObject","inLanguage":"es","@id":"https:\/\/habilis.ro-botica.com\/es\/#\/schema\/logo\/image\/","url":"https:\/\/habilis.ro-botica.com\/wp-content\/uploads\/2023\/08\/logo-habilis-430.png","contentUrl":"https:\/\/habilis.ro-botica.com\/wp-content\/uploads\/2023\/08\/logo-habilis-430.png","width":888,"height":189,"caption":"Habilis"},"image":{"@id":"https:\/\/habilis.ro-botica.com\/es\/#\/schema\/logo\/image\/"},"sameAs":["https:\/\/x.com\/HabilisCat","https:\/\/www.instagram.com\/habiliscat\/","https:\/\/www.linkedin.com\/company\/habiliscat\/about\/"]},{"@type":"Person","@id":"https:\/\/habilis.ro-botica.com\/es\/#\/schema\/person\/7c2554afbb78080c40cd782491ebfeaa","name":"Redacci\u00f3","image":{"@type":"ImageObject","inLanguage":"es","@id":"https:\/\/habilis.ro-botica.com\/es\/#\/schema\/person\/image\/","url":"https:\/\/secure.gravatar.com\/avatar\/307b1dbbd2691b486ab8f9973819adbdaffc8236e44e3fa02f9ffc76c56f9512?s=96&d=mm&r=g","contentUrl":"https:\/\/secure.gravatar.com\/avatar\/307b1dbbd2691b486ab8f9973819adbdaffc8236e44e3fa02f9ffc76c56f9512?s=96&d=mm&r=g","caption":"Redacci\u00f3"},"url":"https:\/\/habilis.ro-botica.com\/es\/author\/redaccio\/"}]}},"_links":{"self":[{"href":"https:\/\/habilis.ro-botica.com\/es\/wp-json\/wp\/v2\/posts\/4679","targetHints":{"allow":["GET"]}}],"collection":[{"href":"https:\/\/habilis.ro-botica.com\/es\/wp-json\/wp\/v2\/posts"}],"about":[{"href":"https:\/\/habilis.ro-botica.com\/es\/wp-json\/wp\/v2\/types\/post"}],"author":[{"embeddable":true,"href":"https:\/\/habilis.ro-botica.com\/es\/wp-json\/wp\/v2\/users\/6"}],"replies":[{"embeddable":true,"href":"https:\/\/habilis.ro-botica.com\/es\/wp-json\/wp\/v2\/comments?post=4679"}],"version-history":[{"count":0,"href":"https:\/\/habilis.ro-botica.com\/es\/wp-json\/wp\/v2\/posts\/4679\/revisions"}],"wp:featuredmedia":[{"embeddable":true,"href":"https:\/\/habilis.ro-botica.com\/es\/wp-json\/wp\/v2\/media\/3817"}],"wp:attachment":[{"href":"https:\/\/habilis.ro-botica.com\/es\/wp-json\/wp\/v2\/media?parent=4679"}],"wp:term":[{"taxonomy":"category","embeddable":true,"href":"https:\/\/habilis.ro-botica.com\/es\/wp-json\/wp\/v2\/categories?post=4679"},{"taxonomy":"post_tag","embeddable":true,"href":"https:\/\/habilis.ro-botica.com\/es\/wp-json\/wp\/v2\/tags?post=4679"}],"curies":[{"name":"wp","href":"https:\/\/api.w.org\/{rel}","templated":true}]}}