{"id":4753,"date":"2022-10-27T15:55:00","date_gmt":"2022-10-27T14:55:00","guid":{"rendered":"https:\/\/habilis.ro-botica.com\/leducacio-del-futur-les-reflexions-de-cinc-innovadors-educatius\/"},"modified":"2024-09-10T15:43:24","modified_gmt":"2024-09-10T14:43:24","slug":"la-educacion-del-futuro-las-reflexiones-de-cinco-innovadores-educativos","status":"publish","type":"post","link":"https:\/\/habilis.ro-botica.com\/es\/la-educacion-del-futuro-las-reflexiones-de-cinco-innovadores-educativos\/","title":{"rendered":"La educaci\u00f3n del futuro: las reflexiones de cinco innovadores educativos"},"content":{"rendered":"\n<p>La tecn\u00f3loga educativa de referencia en el Reino Unido,&nbsp;<a href=\"https:\/\/fixingthefuture.atlasofthefuture.org\/ca\/bethany-koby-ca\/\">Bethany Koby<\/a>&nbsp;&nbsp;fue la encargada de moderar el debate que tuvo lugar en la tercera edici\u00f3n del festival Fixing the Future del pasado 17 de septiembre en el cual se abordaron algunas de las grandes preguntas y retos a los cuales se enfrentan los maestros, el sistema educativo y, tambi\u00e9n, el conjunto de la sociedad.<\/p>\n\n\n\n<p>Antes del debate, el dise\u00f1ador y maker<strong>&nbsp;Dominic Wilcox<\/strong>, fundador de la organizaci\u00f3n educativa&nbsp;<a href=\"https:\/\/atlasofthefuture.org\/ca\/project\/little-inventors\/\">Little Inventors<\/a>; el especialista en gastronom\u00eda y educaci\u00f3n Bee Wilson; la jefa de innovaci\u00f3n de la empresa de rob\u00f3tica educativa TTS (los creadores del Beebot),&nbsp;<a href=\"https:\/\/www.linkedin.com\/in\/gemma-koch-8a8b20129\/\">Gemma Koch<\/a>, el miembro del FabLab Barcelona Santi Fuentemilla y el profesor Xavier Seva del Instituto-Escuela Puig y Gairalt expusieron sus respectivos proyectos educativos l\u00edderes relacionados con fomentar la creatividad de los ni\u00f1os, la alimentaci\u00f3n saludable y consciente, la rob\u00f3tica educativa, el mundo maker, la econom\u00eda circular y la creaci\u00f3n de materiales biodegradables.<\/p>\n\n\n\n<p>En este video puedes recuperar la conferencia completa tal y como la pudo ver el p\u00fablico que pudo asistir a la tercera edici\u00f3n del festival Fixing the Future.<\/p>\n","protected":false},"excerpt":{"rendered":"<p>La tecn\u00f3loga educativa de referencia en el Reino Unido,&nbsp;Bethany Koby&nbsp;&nbsp;fue la encargada de moderar el debate que tuvo lugar en &#8230; <a title=\"La educaci\u00f3n del futuro: las reflexiones de cinco innovadores educativos\" class=\"read-more\" href=\"https:\/\/habilis.ro-botica.com\/es\/la-educacion-del-futuro-las-reflexiones-de-cinco-innovadores-educativos\/\" aria-label=\"Leer m\u00e1s sobre La educaci\u00f3n del futuro: las reflexiones de cinco innovadores educativos\"> <\/a><\/p>\n","protected":false},"author":8,"featured_media":3558,"comment_status":"closed","ping_status":"closed","sticky":false,"template":"","format":"standard","meta":{"_acf_changed":false,"inline_featured_image":false,"footnotes":""},"categories":[14],"tags":[],"class_list":["post-4753","post","type-post","status-publish","format-standard","has-post-thumbnail","hentry","category-festival-fixing-the-future-es","generate-columns","tablet-grid-50","mobile-grid-100","grid-parent","grid-25"],"acf":[],"yoast_head":"<!-- This site is optimized with the Yoast SEO plugin v25.5 - https:\/\/yoast.com\/wordpress\/plugins\/seo\/ -->\n<title>La educaci\u00f3n del futuro: las reflexiones de cinco innovadores educativos - Habilis<\/title>\n<meta name=\"robots\" content=\"index, follow, max-snippet:-1, max-image-preview:large, max-video-preview:-1\" \/>\n<link rel=\"canonical\" href=\"https:\/\/habilis.ro-botica.com\/es\/la-educacion-del-futuro-las-reflexiones-de-cinco-innovadores-educativos\/\" \/>\n<meta property=\"og:locale\" content=\"es_ES\" \/>\n<meta property=\"og:type\" content=\"article\" \/>\n<meta property=\"og:title\" content=\"La educaci\u00f3n del futuro: las reflexiones de cinco innovadores educativos - Habilis\" \/>\n<meta property=\"og:description\" content=\"La tecn\u00f3loga educativa de referencia en el Reino Unido,&nbsp;Bethany Koby&nbsp;&nbsp;fue la encargada de moderar el debate que tuvo lugar en ...\" \/>\n<meta property=\"og:url\" content=\"https:\/\/habilis.ro-botica.com\/es\/la-educacion-del-futuro-las-reflexiones-de-cinco-innovadores-educativos\/\" \/>\n<meta property=\"og:site_name\" content=\"Habilis\" \/>\n<meta property=\"article:published_time\" content=\"2022-10-27T14:55:00+00:00\" \/>\n<meta property=\"article:modified_time\" content=\"2024-09-10T14:43:24+00:00\" \/>\n<meta property=\"og:image\" content=\"https:\/\/habilis.ro-botica.com\/wp-content\/uploads\/2022\/10\/fixingthefuture02.jpg\" \/>\n\t<meta property=\"og:image:width\" content=\"500\" \/>\n\t<meta property=\"og:image:height\" content=\"500\" \/>\n\t<meta property=\"og:image:type\" content=\"image\/jpeg\" \/>\n<meta name=\"author\" content=\"Sonia Casas\" \/>\n<meta name=\"twitter:card\" content=\"summary_large_image\" \/>\n<meta name=\"twitter:creator\" content=\"@HabilisCat\" \/>\n<meta name=\"twitter:site\" content=\"@HabilisCat\" \/>\n<meta name=\"twitter:label1\" content=\"Escrito por\" \/>\n\t<meta name=\"twitter:data1\" content=\"Sonia Casas\" \/>\n\t<meta name=\"twitter:label2\" content=\"Tiempo de lectura\" \/>\n\t<meta name=\"twitter:data2\" content=\"2 minutos\" \/>\n<script type=\"application\/ld+json\" class=\"yoast-schema-graph\">{\"@context\":\"https:\/\/schema.org\",\"@graph\":[{\"@type\":\"Article\",\"@id\":\"https:\/\/habilis.ro-botica.com\/es\/la-educacion-del-futuro-las-reflexiones-de-cinco-innovadores-educativos\/#article\",\"isPartOf\":{\"@id\":\"https:\/\/habilis.ro-botica.com\/es\/la-educacion-del-futuro-las-reflexiones-de-cinco-innovadores-educativos\/\"},\"author\":{\"name\":\"Sonia Casas\",\"@id\":\"https:\/\/habilis.ro-botica.com\/es\/#\/schema\/person\/60009f61efec1e98190e7d0e078084eb\"},\"headline\":\"La educaci\u00f3n del futuro: las reflexiones de cinco innovadores educativos\",\"datePublished\":\"2022-10-27T14:55:00+00:00\",\"dateModified\":\"2024-09-10T14:43:24+00:00\",\"mainEntityOfPage\":{\"@id\":\"https:\/\/habilis.ro-botica.com\/es\/la-educacion-del-futuro-las-reflexiones-de-cinco-innovadores-educativos\/\"},\"wordCount\":217,\"publisher\":{\"@id\":\"https:\/\/habilis.ro-botica.com\/es\/#organization\"},\"image\":{\"@id\":\"https:\/\/habilis.ro-botica.com\/es\/la-educacion-del-futuro-las-reflexiones-de-cinco-innovadores-educativos\/#primaryimage\"},\"thumbnailUrl\":\"https:\/\/habilis.ro-botica.com\/wp-content\/uploads\/2022\/10\/fixingthefuture02.jpg\",\"articleSection\":[\"Festival Fixing the Future\"],\"inLanguage\":\"es\"},{\"@type\":\"WebPage\",\"@id\":\"https:\/\/habilis.ro-botica.com\/es\/la-educacion-del-futuro-las-reflexiones-de-cinco-innovadores-educativos\/\",\"url\":\"https:\/\/habilis.ro-botica.com\/es\/la-educacion-del-futuro-las-reflexiones-de-cinco-innovadores-educativos\/\",\"name\":\"La educaci\u00f3n del futuro: las reflexiones de cinco innovadores educativos - Habilis\",\"isPartOf\":{\"@id\":\"https:\/\/habilis.ro-botica.com\/es\/#website\"},\"primaryImageOfPage\":{\"@id\":\"https:\/\/habilis.ro-botica.com\/es\/la-educacion-del-futuro-las-reflexiones-de-cinco-innovadores-educativos\/#primaryimage\"},\"image\":{\"@id\":\"https:\/\/habilis.ro-botica.com\/es\/la-educacion-del-futuro-las-reflexiones-de-cinco-innovadores-educativos\/#primaryimage\"},\"thumbnailUrl\":\"https:\/\/habilis.ro-botica.com\/wp-content\/uploads\/2022\/10\/fixingthefuture02.jpg\",\"datePublished\":\"2022-10-27T14:55:00+00:00\",\"dateModified\":\"2024-09-10T14:43:24+00:00\",\"breadcrumb\":{\"@id\":\"https:\/\/habilis.ro-botica.com\/es\/la-educacion-del-futuro-las-reflexiones-de-cinco-innovadores-educativos\/#breadcrumb\"},\"inLanguage\":\"es\",\"potentialAction\":[{\"@type\":\"ReadAction\",\"target\":[\"https:\/\/habilis.ro-botica.com\/es\/la-educacion-del-futuro-las-reflexiones-de-cinco-innovadores-educativos\/\"]}]},{\"@type\":\"ImageObject\",\"inLanguage\":\"es\",\"@id\":\"https:\/\/habilis.ro-botica.com\/es\/la-educacion-del-futuro-las-reflexiones-de-cinco-innovadores-educativos\/#primaryimage\",\"url\":\"https:\/\/habilis.ro-botica.com\/wp-content\/uploads\/2022\/10\/fixingthefuture02.jpg\",\"contentUrl\":\"https:\/\/habilis.ro-botica.com\/wp-content\/uploads\/2022\/10\/fixingthefuture02.jpg\",\"width\":500,\"height\":500},{\"@type\":\"BreadcrumbList\",\"@id\":\"https:\/\/habilis.ro-botica.com\/es\/la-educacion-del-futuro-las-reflexiones-de-cinco-innovadores-educativos\/#breadcrumb\",\"itemListElement\":[{\"@type\":\"ListItem\",\"position\":1,\"name\":\"Portada\",\"item\":\"https:\/\/habilis.ro-botica.com\/es\/\"},{\"@type\":\"ListItem\",\"position\":2,\"name\":\"La educaci\u00f3n del futuro: las reflexiones de cinco innovadores educativos\"}]},{\"@type\":\"WebSite\",\"@id\":\"https:\/\/habilis.ro-botica.com\/es\/#website\",\"url\":\"https:\/\/habilis.ro-botica.com\/es\/\",\"name\":\"Habilis\",\"description\":\"Aprende con las manos\",\"publisher\":{\"@id\":\"https:\/\/habilis.ro-botica.com\/es\/#organization\"},\"potentialAction\":[{\"@type\":\"SearchAction\",\"target\":{\"@type\":\"EntryPoint\",\"urlTemplate\":\"https:\/\/habilis.ro-botica.com\/es\/?s={search_term_string}\"},\"query-input\":{\"@type\":\"PropertyValueSpecification\",\"valueRequired\":true,\"valueName\":\"search_term_string\"}}],\"inLanguage\":\"es\"},{\"@type\":\"Organization\",\"@id\":\"https:\/\/habilis.ro-botica.com\/es\/#organization\",\"name\":\"Habilis\",\"url\":\"https:\/\/habilis.ro-botica.com\/es\/\",\"logo\":{\"@type\":\"ImageObject\",\"inLanguage\":\"es\",\"@id\":\"https:\/\/habilis.ro-botica.com\/es\/#\/schema\/logo\/image\/\",\"url\":\"https:\/\/habilis.ro-botica.com\/wp-content\/uploads\/2023\/08\/logo-habilis-430.png\",\"contentUrl\":\"https:\/\/habilis.ro-botica.com\/wp-content\/uploads\/2023\/08\/logo-habilis-430.png\",\"width\":888,\"height\":189,\"caption\":\"Habilis\"},\"image\":{\"@id\":\"https:\/\/habilis.ro-botica.com\/es\/#\/schema\/logo\/image\/\"},\"sameAs\":[\"https:\/\/x.com\/HabilisCat\",\"https:\/\/www.instagram.com\/habiliscat\/\",\"https:\/\/www.linkedin.com\/company\/habiliscat\/about\/\"]},{\"@type\":\"Person\",\"@id\":\"https:\/\/habilis.ro-botica.com\/es\/#\/schema\/person\/60009f61efec1e98190e7d0e078084eb\",\"name\":\"Sonia Casas\",\"image\":{\"@type\":\"ImageObject\",\"inLanguage\":\"es\",\"@id\":\"https:\/\/habilis.ro-botica.com\/es\/#\/schema\/person\/image\/\",\"url\":\"https:\/\/secure.gravatar.com\/avatar\/6002057f48fc1ac4a6681358706c052820c36d34349fe9aa09b21fc7fbb9ea39?s=96&d=mm&r=g\",\"contentUrl\":\"https:\/\/secure.gravatar.com\/avatar\/6002057f48fc1ac4a6681358706c052820c36d34349fe9aa09b21fc7fbb9ea39?s=96&d=mm&r=g\",\"caption\":\"Sonia Casas\"},\"url\":\"https:\/\/habilis.ro-botica.com\/es\/author\/s-casas\/\"}]}<\/script>\n<!-- \/ Yoast SEO plugin. -->","yoast_head_json":{"title":"La educaci\u00f3n del futuro: las reflexiones de cinco innovadores educativos - Habilis","robots":{"index":"index","follow":"follow","max-snippet":"max-snippet:-1","max-image-preview":"max-image-preview:large","max-video-preview":"max-video-preview:-1"},"canonical":"https:\/\/habilis.ro-botica.com\/es\/la-educacion-del-futuro-las-reflexiones-de-cinco-innovadores-educativos\/","og_locale":"es_ES","og_type":"article","og_title":"La educaci\u00f3n del futuro: las reflexiones de cinco innovadores educativos - Habilis","og_description":"La tecn\u00f3loga educativa de referencia en el Reino Unido,&nbsp;Bethany Koby&nbsp;&nbsp;fue la encargada de moderar el debate que tuvo lugar en ...","og_url":"https:\/\/habilis.ro-botica.com\/es\/la-educacion-del-futuro-las-reflexiones-de-cinco-innovadores-educativos\/","og_site_name":"Habilis","article_published_time":"2022-10-27T14:55:00+00:00","article_modified_time":"2024-09-10T14:43:24+00:00","og_image":[{"width":500,"height":500,"url":"https:\/\/habilis.ro-botica.com\/wp-content\/uploads\/2022\/10\/fixingthefuture02.jpg","type":"image\/jpeg"}],"author":"Sonia Casas","twitter_card":"summary_large_image","twitter_creator":"@HabilisCat","twitter_site":"@HabilisCat","twitter_misc":{"Escrito por":"Sonia Casas","Tiempo de lectura":"2 minutos"},"schema":{"@context":"https:\/\/schema.org","@graph":[{"@type":"Article","@id":"https:\/\/habilis.ro-botica.com\/es\/la-educacion-del-futuro-las-reflexiones-de-cinco-innovadores-educativos\/#article","isPartOf":{"@id":"https:\/\/habilis.ro-botica.com\/es\/la-educacion-del-futuro-las-reflexiones-de-cinco-innovadores-educativos\/"},"author":{"name":"Sonia Casas","@id":"https:\/\/habilis.ro-botica.com\/es\/#\/schema\/person\/60009f61efec1e98190e7d0e078084eb"},"headline":"La educaci\u00f3n del futuro: las reflexiones de cinco innovadores educativos","datePublished":"2022-10-27T14:55:00+00:00","dateModified":"2024-09-10T14:43:24+00:00","mainEntityOfPage":{"@id":"https:\/\/habilis.ro-botica.com\/es\/la-educacion-del-futuro-las-reflexiones-de-cinco-innovadores-educativos\/"},"wordCount":217,"publisher":{"@id":"https:\/\/habilis.ro-botica.com\/es\/#organization"},"image":{"@id":"https:\/\/habilis.ro-botica.com\/es\/la-educacion-del-futuro-las-reflexiones-de-cinco-innovadores-educativos\/#primaryimage"},"thumbnailUrl":"https:\/\/habilis.ro-botica.com\/wp-content\/uploads\/2022\/10\/fixingthefuture02.jpg","articleSection":["Festival Fixing the Future"],"inLanguage":"es"},{"@type":"WebPage","@id":"https:\/\/habilis.ro-botica.com\/es\/la-educacion-del-futuro-las-reflexiones-de-cinco-innovadores-educativos\/","url":"https:\/\/habilis.ro-botica.com\/es\/la-educacion-del-futuro-las-reflexiones-de-cinco-innovadores-educativos\/","name":"La educaci\u00f3n del futuro: las reflexiones de cinco innovadores educativos - Habilis","isPartOf":{"@id":"https:\/\/habilis.ro-botica.com\/es\/#website"},"primaryImageOfPage":{"@id":"https:\/\/habilis.ro-botica.com\/es\/la-educacion-del-futuro-las-reflexiones-de-cinco-innovadores-educativos\/#primaryimage"},"image":{"@id":"https:\/\/habilis.ro-botica.com\/es\/la-educacion-del-futuro-las-reflexiones-de-cinco-innovadores-educativos\/#primaryimage"},"thumbnailUrl":"https:\/\/habilis.ro-botica.com\/wp-content\/uploads\/2022\/10\/fixingthefuture02.jpg","datePublished":"2022-10-27T14:55:00+00:00","dateModified":"2024-09-10T14:43:24+00:00","breadcrumb":{"@id":"https:\/\/habilis.ro-botica.com\/es\/la-educacion-del-futuro-las-reflexiones-de-cinco-innovadores-educativos\/#breadcrumb"},"inLanguage":"es","potentialAction":[{"@type":"ReadAction","target":["https:\/\/habilis.ro-botica.com\/es\/la-educacion-del-futuro-las-reflexiones-de-cinco-innovadores-educativos\/"]}]},{"@type":"ImageObject","inLanguage":"es","@id":"https:\/\/habilis.ro-botica.com\/es\/la-educacion-del-futuro-las-reflexiones-de-cinco-innovadores-educativos\/#primaryimage","url":"https:\/\/habilis.ro-botica.com\/wp-content\/uploads\/2022\/10\/fixingthefuture02.jpg","contentUrl":"https:\/\/habilis.ro-botica.com\/wp-content\/uploads\/2022\/10\/fixingthefuture02.jpg","width":500,"height":500},{"@type":"BreadcrumbList","@id":"https:\/\/habilis.ro-botica.com\/es\/la-educacion-del-futuro-las-reflexiones-de-cinco-innovadores-educativos\/#breadcrumb","itemListElement":[{"@type":"ListItem","position":1,"name":"Portada","item":"https:\/\/habilis.ro-botica.com\/es\/"},{"@type":"ListItem","position":2,"name":"La educaci\u00f3n del futuro: las reflexiones de cinco innovadores educativos"}]},{"@type":"WebSite","@id":"https:\/\/habilis.ro-botica.com\/es\/#website","url":"https:\/\/habilis.ro-botica.com\/es\/","name":"Habilis","description":"Aprende con las manos","publisher":{"@id":"https:\/\/habilis.ro-botica.com\/es\/#organization"},"potentialAction":[{"@type":"SearchAction","target":{"@type":"EntryPoint","urlTemplate":"https:\/\/habilis.ro-botica.com\/es\/?s={search_term_string}"},"query-input":{"@type":"PropertyValueSpecification","valueRequired":true,"valueName":"search_term_string"}}],"inLanguage":"es"},{"@type":"Organization","@id":"https:\/\/habilis.ro-botica.com\/es\/#organization","name":"Habilis","url":"https:\/\/habilis.ro-botica.com\/es\/","logo":{"@type":"ImageObject","inLanguage":"es","@id":"https:\/\/habilis.ro-botica.com\/es\/#\/schema\/logo\/image\/","url":"https:\/\/habilis.ro-botica.com\/wp-content\/uploads\/2023\/08\/logo-habilis-430.png","contentUrl":"https:\/\/habilis.ro-botica.com\/wp-content\/uploads\/2023\/08\/logo-habilis-430.png","width":888,"height":189,"caption":"Habilis"},"image":{"@id":"https:\/\/habilis.ro-botica.com\/es\/#\/schema\/logo\/image\/"},"sameAs":["https:\/\/x.com\/HabilisCat","https:\/\/www.instagram.com\/habiliscat\/","https:\/\/www.linkedin.com\/company\/habiliscat\/about\/"]},{"@type":"Person","@id":"https:\/\/habilis.ro-botica.com\/es\/#\/schema\/person\/60009f61efec1e98190e7d0e078084eb","name":"Sonia Casas","image":{"@type":"ImageObject","inLanguage":"es","@id":"https:\/\/habilis.ro-botica.com\/es\/#\/schema\/person\/image\/","url":"https:\/\/secure.gravatar.com\/avatar\/6002057f48fc1ac4a6681358706c052820c36d34349fe9aa09b21fc7fbb9ea39?s=96&d=mm&r=g","contentUrl":"https:\/\/secure.gravatar.com\/avatar\/6002057f48fc1ac4a6681358706c052820c36d34349fe9aa09b21fc7fbb9ea39?s=96&d=mm&r=g","caption":"Sonia Casas"},"url":"https:\/\/habilis.ro-botica.com\/es\/author\/s-casas\/"}]}},"_links":{"self":[{"href":"https:\/\/habilis.ro-botica.com\/es\/wp-json\/wp\/v2\/posts\/4753","targetHints":{"allow":["GET"]}}],"collection":[{"href":"https:\/\/habilis.ro-botica.com\/es\/wp-json\/wp\/v2\/posts"}],"about":[{"href":"https:\/\/habilis.ro-botica.com\/es\/wp-json\/wp\/v2\/types\/post"}],"author":[{"embeddable":true,"href":"https:\/\/habilis.ro-botica.com\/es\/wp-json\/wp\/v2\/users\/8"}],"replies":[{"embeddable":true,"href":"https:\/\/habilis.ro-botica.com\/es\/wp-json\/wp\/v2\/comments?post=4753"}],"version-history":[{"count":1,"href":"https:\/\/habilis.ro-botica.com\/es\/wp-json\/wp\/v2\/posts\/4753\/revisions"}],"predecessor-version":[{"id":6284,"href":"https:\/\/habilis.ro-botica.com\/es\/wp-json\/wp\/v2\/posts\/4753\/revisions\/6284"}],"wp:featuredmedia":[{"embeddable":true,"href":"https:\/\/habilis.ro-botica.com\/es\/wp-json\/wp\/v2\/media\/3558"}],"wp:attachment":[{"href":"https:\/\/habilis.ro-botica.com\/es\/wp-json\/wp\/v2\/media?parent=4753"}],"wp:term":[{"taxonomy":"category","embeddable":true,"href":"https:\/\/habilis.ro-botica.com\/es\/wp-json\/wp\/v2\/categories?post=4753"},{"taxonomy":"post_tag","embeddable":true,"href":"https:\/\/habilis.ro-botica.com\/es\/wp-json\/wp\/v2\/tags?post=4753"}],"curies":[{"name":"wp","href":"https:\/\/api.w.org\/{rel}","templated":true}]}}