{"id":5147,"date":"2022-12-23T09:51:00","date_gmt":"2022-12-23T08:51:00","guid":{"rendered":"https:\/\/habilis.ro-botica.com\/sin-categorizar\/i-si-sem-menja-una-balena\/"},"modified":"2024-09-10T15:43:23","modified_gmt":"2024-09-10T14:43:23","slug":"y-si-se-me-come-una-ballena","status":"publish","type":"post","link":"https:\/\/habilis.ro-botica.com\/es\/y-si-se-me-come-una-ballena\/","title":{"rendered":"Y si\u2026 \u00bfSe me come una ballena?"},"content":{"rendered":"\n<p>Desde que escribi\u00f3 su primer \u00e1lbum en 2011, Isern ha escrito casi un centenar de libros que se han traducido hasta en 33 lenguas y por los cuales ha recibido varios premios nacionales e internacionales. De hecho, solo en Polonia, la escritora y psic\u00f3loga <a href=\"https:\/\/www.abacus.coop\/ca\/autors\/susanna-isern\">Susanna Isern<\/a> (la Seu d&#8217;Urgell, 1978) suma m\u00e1s de 100.000 ejemplares vendidos de <a href=\"http:\/\/emocionometro.blogspot.com\/\">&#8216;L\u2019emocion\u00f2metre&#8217;<\/a> y <a href=\"https:\/\/www.abacus.coop\/es\/el-gran-libro-de-los-superpoderes-9788494717376\/1217501.55.html?wt_ga=_&amp;wt_kw=__&amp;gclid=CjwKCAiAnZCdBhBmEiwA8nDQxSMXLMB_12jzWOLHAeesetOg1kmE5k_z4Cghn4Cn-YQhonOdj-rLIRoC65MQAvD_BwE\">&#8216;El gran llibre dels superpoders&#8217;<\/a>.<\/p>\n\n\n\n<p>Estos son \u00fanicamente dos de los muchos superventas que acumula, especialmente con los cuentos que ha hecho conjuntamente con la ilustradora Roc\u00edo Bonilla con la Editorial <a href=\"https:\/\/www.editorialflamboyant.com\/ca\/\" target=\"_blank\" rel=\"noreferrer noopener\">Flamboyant<\/a>, como el ya mencionado \u2018El gran llibre dels superpoders\u2019 pero tambi\u00e9n \u2018Aix\u00f2 no \u00e9s una selva\u2019, \u2018Cuadern de superpoders\u2019, \u2018El gran llibre dels supertresors\u2019 i el recentment publicat <a href=\"https:\/\/www.abacus.coop\/ca\/i-si-se-m-menja-una-balena\/1414714.48.html\" target=\"_blank\" rel=\"noreferrer noopener\">\u2018I si em menja una balena?\u2019<\/a>, una historia que invita a los ni\u00f1os a vencer sus miedos o, mejor dicho y como ella misma matiza, sus preocupaciones.<\/p>\n\n\n\n<p><strong>As\u00ed pues, el miedo y la preocupaci\u00f3n no ser\u00edan exactamente lo mismo.<\/strong><\/p>\n\n\n\n<p>Los miedos est\u00e1n focalizados en cosas concretas. Por ejemplo, en el caso de los miedos evolutivos de la infancia ser\u00edan tener miedo a la oscuridad, al agua, a ir al m\u00e9dico\u2026 Y yo el que he querido tratar a Y si se me come una ballena? son justamente el que yo digo los I seis: Y si me pasa esto? Y si me pasa aquello otro? Son preocupaciones vinculadas a la adivinaci\u00f3n del futuro, a menudo a trav\u00e9s de pensamientos encadenados, negativos, que nos impiden hacer cosas que en realidad querr\u00edamos hacer.<\/p>\n\n\n\n<p><strong>Y lo haces desde una vertiente imaginativa y divertida, en cambio, hay mensajes educativos que se transmiten directamente desde el miedo, como es el caso del cambio clim\u00e1tico. \u00bfC\u00f3mo se puede educar y explicar la realidad del mundo sin atemorizar a los ni\u00f1os?<br><\/strong>Todos los educadores, tanto las familias como los maestros, lo primero que tienen que hacer es transmitir tranquilidad. En el caso de Mart\u00ed, el protagonista del cuento, el que hace la madre es mantener una conversaci\u00f3n que cada vez adquiere rasgos m\u00e1s surrealistas pero que lo que hace es confrontarlo con su propia imaginaci\u00f3n para hacerle darse cuenta que todo aquello que lo preocupa es del todo improbable que pase. Como padres, tenemos la obligaci\u00f3n de protegerlos, pero tambi\u00e9n hace falta empujarlos a vivir la aventura.<\/p>\n\n\n\n<p><strong>Para cualquier padre, madre o maestro, este es un equilibrio complicado.<br><\/strong>Sin duda, para m\u00ed tambi\u00e9n es un reto encontrar este equilibrio, pero es realmente importante. Aqu\u00ed nos hemos vuelto demasiado miedosos. En Alemania, a los 6 a\u00f1os, muchas escuelas obligan a los ni\u00f1os a ir solos.<\/p>\n\n\n\n<p><strong>A m\u00ed tambi\u00e9n me cuesta no minimizar sus reacciones cuando se enfadan o lloran a la m\u00ednima frustraci\u00f3n.<br><\/strong>\u00bfM\u00ednima para qui\u00e9n? Para el ni\u00f1o, si llora, no es una cuesti\u00f3n menor. Si le sale esta emoci\u00f3n: \u00bfqui\u00e9n somos nosotros para decirle que deje de sentirla? Las emociones de los otros no nos pertenecen. Por esta raz\u00f3n, conviene evitar frases como \u201cEsto es una tonter\u00eda o una barbaridad\u201d.<\/p>\n\n\n\n<blockquote class=\"wp-block-quote is-layout-flow wp-block-quote-is-layout-flow\">\n<p>\u00abTenemos que validar los pensamientos y emociones de los ni\u00f1os, no cuestionarlas\u00bb<\/p>\n<\/blockquote>\n\n\n\n<p><strong>Cuando hablas de \u201cvalidar\u201d las emociones, \u00bfa qu\u00e9 te refieres concretamente?<\/strong><\/p>\n\n\n\n<p>A aceptar la emoci\u00f3n del ni\u00f1o, explicarle que est\u00e1 bien sentirla, que en si no es mala y que otra cosa es c\u00f3mo la gestionamos. Por ejemplo, es normal sentir envidia, todo el mundo siente alguna vez. Lo importante es aprender a gestionarla para que no nos haga da\u00f1o.<\/p>\n\n\n\n<p><strong>Hablando de emociones, \u2018El emocion\u00f2metre\u2019 es uno de tus grandes \u00e9xitos internacionales. \u00bfPercibes diferencias respecto a la educaci\u00f3n emocional en funci\u00f3n de los pa\u00edses?<\/strong><\/p>\n\n\n\n<p>Dir\u00eda que el inter\u00e9s por la educaci\u00f3n emocional y la gesti\u00f3n de las emociones en la infancia est\u00e1 ahora mismo muy generalizado en todos los pa\u00edses. Y es una muy buena noticia que, por fin, les damos importancia. Durante la carrera de psicolog\u00eda, estudi\u00e9 aspectos relacionados con la conducta, las cogniciones, los pensamientos\u2026 pero el tema emocional no se trataba pr\u00e1cticamente.<\/p>\n\n\n\n<p><strong>Hay un robot, el <a href=\"https:\/\/www.youtube.com\/watch?v=SZMZ07SlJAM\">Oti-bot<\/a>, que ya trabaja con las emociones. \u00bfQu\u00e9 ventajas o inconvenientes voces en la introducci\u00f3n de la tecnolog\u00eda en el \u00e1mbito educativo, incluida la educaci\u00f3n emocional?<\/strong><\/p>\n\n\n\n<p>Yo soy partidaria de aprovechar todos los recursos educativos que tengamos al alcance y la tecnolog\u00eda es uno de ellos. Hay programas de software maravillosos para desarrollar aprendizajes ling\u00fc\u00edsticos, matem\u00e1ticas\u2026 Pienso que lo m\u00e1s importante es hacer que el ni\u00f1o act\u00fae y experimente por s\u00ed mismo. En este sentido, estoy muy a favor del aprendizaje activo que propone Edgar Dale en su pir\u00e1mide del aprendizaje. \u00c9l afirma que los peores resultados se obtienen cuando los ni\u00f1os est\u00e1n sentados en una silla solo escuchando, cosa que, cuanto menos, nos tendr\u00eda que hacer reflexionar.<\/p>\n\n\n\n<p>Visualiza algunas de las p\u00e1ginas del libro <a href=\"https:\/\/issuu.com\/editorialflamboyant\/docs\/cat_int_ballena_issuu\">aqu\u00ed<\/a>.<\/p>\n","protected":false},"excerpt":{"rendered":"<p>Hablamos con Susanna Isern, una de las escritoras m\u00e1s prol\u00edficas y de m\u00e1s \u00e9xito del panorama literario infantil actual.<\/p>\n","protected":false},"author":8,"featured_media":5145,"comment_status":"closed","ping_status":"closed","sticky":false,"template":"","format":"standard","meta":{"_acf_changed":false,"inline_featured_image":false,"footnotes":""},"categories":[166],"tags":[],"class_list":["post-5147","post","type-post","status-publish","format-standard","has-post-thumbnail","hentry","category-sin-categorizar","generate-columns","tablet-grid-50","mobile-grid-100","grid-parent","grid-25"],"acf":[],"yoast_head":"<!-- This site is optimized with the Yoast SEO plugin v25.5 - https:\/\/yoast.com\/wordpress\/plugins\/seo\/ -->\n<title>Y si\u2026 \u00bfSe me come una ballena? - Habilis<\/title>\n<meta name=\"robots\" content=\"index, follow, max-snippet:-1, max-image-preview:large, max-video-preview:-1\" \/>\n<link rel=\"canonical\" href=\"https:\/\/habilis.ro-botica.com\/es\/y-si-se-me-come-una-ballena\/\" \/>\n<meta property=\"og:locale\" content=\"es_ES\" \/>\n<meta property=\"og:type\" content=\"article\" \/>\n<meta property=\"og:title\" content=\"Y si\u2026 \u00bfSe me come una ballena? - Habilis\" \/>\n<meta property=\"og:description\" content=\"Hablamos con Susanna Isern, una de las escritoras m\u00e1s prol\u00edficas y de m\u00e1s \u00e9xito del panorama literario infantil actual.\" \/>\n<meta property=\"og:url\" content=\"https:\/\/habilis.ro-botica.com\/es\/y-si-se-me-come-una-ballena\/\" \/>\n<meta property=\"og:site_name\" content=\"Habilis\" \/>\n<meta property=\"article:published_time\" content=\"2022-12-23T08:51:00+00:00\" \/>\n<meta property=\"article:modified_time\" content=\"2024-09-10T14:43:23+00:00\" \/>\n<meta property=\"og:image\" content=\"https:\/\/habilis.ro-botica.com\/wp-content\/uploads\/2024\/06\/Susanna_Isern-qo6kws516l2kq174vnz5qrbm95gfn7f3yqis1z599s.jpg\" \/>\n\t<meta property=\"og:image:width\" content=\"184\" \/>\n\t<meta property=\"og:image:height\" content=\"184\" \/>\n\t<meta property=\"og:image:type\" content=\"image\/jpeg\" \/>\n<meta name=\"author\" content=\"Sonia Casas\" \/>\n<meta name=\"twitter:card\" content=\"summary_large_image\" \/>\n<meta name=\"twitter:creator\" content=\"@HabilisCat\" \/>\n<meta name=\"twitter:site\" content=\"@HabilisCat\" \/>\n<meta name=\"twitter:label1\" content=\"Escrito por\" \/>\n\t<meta name=\"twitter:data1\" content=\"Sonia Casas\" \/>\n\t<meta name=\"twitter:label2\" content=\"Tiempo de lectura\" \/>\n\t<meta name=\"twitter:data2\" content=\"5 minutos\" \/>\n<script type=\"application\/ld+json\" class=\"yoast-schema-graph\">{\"@context\":\"https:\/\/schema.org\",\"@graph\":[{\"@type\":\"Article\",\"@id\":\"https:\/\/habilis.ro-botica.com\/es\/y-si-se-me-come-una-ballena\/#article\",\"isPartOf\":{\"@id\":\"https:\/\/habilis.ro-botica.com\/es\/y-si-se-me-come-una-ballena\/\"},\"author\":{\"name\":\"Sonia Casas\",\"@id\":\"https:\/\/habilis.ro-botica.com\/es\/#\/schema\/person\/60009f61efec1e98190e7d0e078084eb\"},\"headline\":\"Y si\u2026 \u00bfSe me come una ballena?\",\"datePublished\":\"2022-12-23T08:51:00+00:00\",\"dateModified\":\"2024-09-10T14:43:23+00:00\",\"mainEntityOfPage\":{\"@id\":\"https:\/\/habilis.ro-botica.com\/es\/y-si-se-me-come-una-ballena\/\"},\"wordCount\":850,\"publisher\":{\"@id\":\"https:\/\/habilis.ro-botica.com\/es\/#organization\"},\"image\":{\"@id\":\"https:\/\/habilis.ro-botica.com\/es\/y-si-se-me-come-una-ballena\/#primaryimage\"},\"thumbnailUrl\":\"https:\/\/habilis.ro-botica.com\/wp-content\/uploads\/2024\/06\/Susanna_Isern-qo6kws516l2kq174vnz5qrbm95gfn7f3yqis1z599s.jpg\",\"articleSection\":[\"Sin categorizar\"],\"inLanguage\":\"es\"},{\"@type\":\"WebPage\",\"@id\":\"https:\/\/habilis.ro-botica.com\/es\/y-si-se-me-come-una-ballena\/\",\"url\":\"https:\/\/habilis.ro-botica.com\/es\/y-si-se-me-come-una-ballena\/\",\"name\":\"Y si\u2026 \u00bfSe me come una ballena? - Habilis\",\"isPartOf\":{\"@id\":\"https:\/\/habilis.ro-botica.com\/es\/#website\"},\"primaryImageOfPage\":{\"@id\":\"https:\/\/habilis.ro-botica.com\/es\/y-si-se-me-come-una-ballena\/#primaryimage\"},\"image\":{\"@id\":\"https:\/\/habilis.ro-botica.com\/es\/y-si-se-me-come-una-ballena\/#primaryimage\"},\"thumbnailUrl\":\"https:\/\/habilis.ro-botica.com\/wp-content\/uploads\/2024\/06\/Susanna_Isern-qo6kws516l2kq174vnz5qrbm95gfn7f3yqis1z599s.jpg\",\"datePublished\":\"2022-12-23T08:51:00+00:00\",\"dateModified\":\"2024-09-10T14:43:23+00:00\",\"breadcrumb\":{\"@id\":\"https:\/\/habilis.ro-botica.com\/es\/y-si-se-me-come-una-ballena\/#breadcrumb\"},\"inLanguage\":\"es\",\"potentialAction\":[{\"@type\":\"ReadAction\",\"target\":[\"https:\/\/habilis.ro-botica.com\/es\/y-si-se-me-come-una-ballena\/\"]}]},{\"@type\":\"ImageObject\",\"inLanguage\":\"es\",\"@id\":\"https:\/\/habilis.ro-botica.com\/es\/y-si-se-me-come-una-ballena\/#primaryimage\",\"url\":\"https:\/\/habilis.ro-botica.com\/wp-content\/uploads\/2024\/06\/Susanna_Isern-qo6kws516l2kq174vnz5qrbm95gfn7f3yqis1z599s.jpg\",\"contentUrl\":\"https:\/\/habilis.ro-botica.com\/wp-content\/uploads\/2024\/06\/Susanna_Isern-qo6kws516l2kq174vnz5qrbm95gfn7f3yqis1z599s.jpg\",\"width\":184,\"height\":184},{\"@type\":\"BreadcrumbList\",\"@id\":\"https:\/\/habilis.ro-botica.com\/es\/y-si-se-me-come-una-ballena\/#breadcrumb\",\"itemListElement\":[{\"@type\":\"ListItem\",\"position\":1,\"name\":\"Portada\",\"item\":\"https:\/\/habilis.ro-botica.com\/es\/\"},{\"@type\":\"ListItem\",\"position\":2,\"name\":\"Y si\u2026 \u00bfSe me come una ballena?\"}]},{\"@type\":\"WebSite\",\"@id\":\"https:\/\/habilis.ro-botica.com\/es\/#website\",\"url\":\"https:\/\/habilis.ro-botica.com\/es\/\",\"name\":\"Habilis\",\"description\":\"Aprende con las manos\",\"publisher\":{\"@id\":\"https:\/\/habilis.ro-botica.com\/es\/#organization\"},\"potentialAction\":[{\"@type\":\"SearchAction\",\"target\":{\"@type\":\"EntryPoint\",\"urlTemplate\":\"https:\/\/habilis.ro-botica.com\/es\/?s={search_term_string}\"},\"query-input\":{\"@type\":\"PropertyValueSpecification\",\"valueRequired\":true,\"valueName\":\"search_term_string\"}}],\"inLanguage\":\"es\"},{\"@type\":\"Organization\",\"@id\":\"https:\/\/habilis.ro-botica.com\/es\/#organization\",\"name\":\"Habilis\",\"url\":\"https:\/\/habilis.ro-botica.com\/es\/\",\"logo\":{\"@type\":\"ImageObject\",\"inLanguage\":\"es\",\"@id\":\"https:\/\/habilis.ro-botica.com\/es\/#\/schema\/logo\/image\/\",\"url\":\"https:\/\/habilis.ro-botica.com\/wp-content\/uploads\/2023\/08\/logo-habilis-430.png\",\"contentUrl\":\"https:\/\/habilis.ro-botica.com\/wp-content\/uploads\/2023\/08\/logo-habilis-430.png\",\"width\":888,\"height\":189,\"caption\":\"Habilis\"},\"image\":{\"@id\":\"https:\/\/habilis.ro-botica.com\/es\/#\/schema\/logo\/image\/\"},\"sameAs\":[\"https:\/\/x.com\/HabilisCat\",\"https:\/\/www.instagram.com\/habiliscat\/\",\"https:\/\/www.linkedin.com\/company\/habiliscat\/about\/\"]},{\"@type\":\"Person\",\"@id\":\"https:\/\/habilis.ro-botica.com\/es\/#\/schema\/person\/60009f61efec1e98190e7d0e078084eb\",\"name\":\"Sonia Casas\",\"image\":{\"@type\":\"ImageObject\",\"inLanguage\":\"es\",\"@id\":\"https:\/\/habilis.ro-botica.com\/es\/#\/schema\/person\/image\/\",\"url\":\"https:\/\/secure.gravatar.com\/avatar\/6002057f48fc1ac4a6681358706c052820c36d34349fe9aa09b21fc7fbb9ea39?s=96&d=mm&r=g\",\"contentUrl\":\"https:\/\/secure.gravatar.com\/avatar\/6002057f48fc1ac4a6681358706c052820c36d34349fe9aa09b21fc7fbb9ea39?s=96&d=mm&r=g\",\"caption\":\"Sonia Casas\"},\"url\":\"https:\/\/habilis.ro-botica.com\/es\/author\/s-casas\/\"}]}<\/script>\n<!-- \/ Yoast SEO plugin. -->","yoast_head_json":{"title":"Y si\u2026 \u00bfSe me come una ballena? - Habilis","robots":{"index":"index","follow":"follow","max-snippet":"max-snippet:-1","max-image-preview":"max-image-preview:large","max-video-preview":"max-video-preview:-1"},"canonical":"https:\/\/habilis.ro-botica.com\/es\/y-si-se-me-come-una-ballena\/","og_locale":"es_ES","og_type":"article","og_title":"Y si\u2026 \u00bfSe me come una ballena? - Habilis","og_description":"Hablamos con Susanna Isern, una de las escritoras m\u00e1s prol\u00edficas y de m\u00e1s \u00e9xito del panorama literario infantil actual.","og_url":"https:\/\/habilis.ro-botica.com\/es\/y-si-se-me-come-una-ballena\/","og_site_name":"Habilis","article_published_time":"2022-12-23T08:51:00+00:00","article_modified_time":"2024-09-10T14:43:23+00:00","og_image":[{"width":184,"height":184,"url":"https:\/\/habilis.ro-botica.com\/wp-content\/uploads\/2024\/06\/Susanna_Isern-qo6kws516l2kq174vnz5qrbm95gfn7f3yqis1z599s.jpg","type":"image\/jpeg"}],"author":"Sonia Casas","twitter_card":"summary_large_image","twitter_creator":"@HabilisCat","twitter_site":"@HabilisCat","twitter_misc":{"Escrito por":"Sonia Casas","Tiempo de lectura":"5 minutos"},"schema":{"@context":"https:\/\/schema.org","@graph":[{"@type":"Article","@id":"https:\/\/habilis.ro-botica.com\/es\/y-si-se-me-come-una-ballena\/#article","isPartOf":{"@id":"https:\/\/habilis.ro-botica.com\/es\/y-si-se-me-come-una-ballena\/"},"author":{"name":"Sonia Casas","@id":"https:\/\/habilis.ro-botica.com\/es\/#\/schema\/person\/60009f61efec1e98190e7d0e078084eb"},"headline":"Y si\u2026 \u00bfSe me come una ballena?","datePublished":"2022-12-23T08:51:00+00:00","dateModified":"2024-09-10T14:43:23+00:00","mainEntityOfPage":{"@id":"https:\/\/habilis.ro-botica.com\/es\/y-si-se-me-come-una-ballena\/"},"wordCount":850,"publisher":{"@id":"https:\/\/habilis.ro-botica.com\/es\/#organization"},"image":{"@id":"https:\/\/habilis.ro-botica.com\/es\/y-si-se-me-come-una-ballena\/#primaryimage"},"thumbnailUrl":"https:\/\/habilis.ro-botica.com\/wp-content\/uploads\/2024\/06\/Susanna_Isern-qo6kws516l2kq174vnz5qrbm95gfn7f3yqis1z599s.jpg","articleSection":["Sin categorizar"],"inLanguage":"es"},{"@type":"WebPage","@id":"https:\/\/habilis.ro-botica.com\/es\/y-si-se-me-come-una-ballena\/","url":"https:\/\/habilis.ro-botica.com\/es\/y-si-se-me-come-una-ballena\/","name":"Y si\u2026 \u00bfSe me come una ballena? - Habilis","isPartOf":{"@id":"https:\/\/habilis.ro-botica.com\/es\/#website"},"primaryImageOfPage":{"@id":"https:\/\/habilis.ro-botica.com\/es\/y-si-se-me-come-una-ballena\/#primaryimage"},"image":{"@id":"https:\/\/habilis.ro-botica.com\/es\/y-si-se-me-come-una-ballena\/#primaryimage"},"thumbnailUrl":"https:\/\/habilis.ro-botica.com\/wp-content\/uploads\/2024\/06\/Susanna_Isern-qo6kws516l2kq174vnz5qrbm95gfn7f3yqis1z599s.jpg","datePublished":"2022-12-23T08:51:00+00:00","dateModified":"2024-09-10T14:43:23+00:00","breadcrumb":{"@id":"https:\/\/habilis.ro-botica.com\/es\/y-si-se-me-come-una-ballena\/#breadcrumb"},"inLanguage":"es","potentialAction":[{"@type":"ReadAction","target":["https:\/\/habilis.ro-botica.com\/es\/y-si-se-me-come-una-ballena\/"]}]},{"@type":"ImageObject","inLanguage":"es","@id":"https:\/\/habilis.ro-botica.com\/es\/y-si-se-me-come-una-ballena\/#primaryimage","url":"https:\/\/habilis.ro-botica.com\/wp-content\/uploads\/2024\/06\/Susanna_Isern-qo6kws516l2kq174vnz5qrbm95gfn7f3yqis1z599s.jpg","contentUrl":"https:\/\/habilis.ro-botica.com\/wp-content\/uploads\/2024\/06\/Susanna_Isern-qo6kws516l2kq174vnz5qrbm95gfn7f3yqis1z599s.jpg","width":184,"height":184},{"@type":"BreadcrumbList","@id":"https:\/\/habilis.ro-botica.com\/es\/y-si-se-me-come-una-ballena\/#breadcrumb","itemListElement":[{"@type":"ListItem","position":1,"name":"Portada","item":"https:\/\/habilis.ro-botica.com\/es\/"},{"@type":"ListItem","position":2,"name":"Y si\u2026 \u00bfSe me come una ballena?"}]},{"@type":"WebSite","@id":"https:\/\/habilis.ro-botica.com\/es\/#website","url":"https:\/\/habilis.ro-botica.com\/es\/","name":"Habilis","description":"Aprende con las manos","publisher":{"@id":"https:\/\/habilis.ro-botica.com\/es\/#organization"},"potentialAction":[{"@type":"SearchAction","target":{"@type":"EntryPoint","urlTemplate":"https:\/\/habilis.ro-botica.com\/es\/?s={search_term_string}"},"query-input":{"@type":"PropertyValueSpecification","valueRequired":true,"valueName":"search_term_string"}}],"inLanguage":"es"},{"@type":"Organization","@id":"https:\/\/habilis.ro-botica.com\/es\/#organization","name":"Habilis","url":"https:\/\/habilis.ro-botica.com\/es\/","logo":{"@type":"ImageObject","inLanguage":"es","@id":"https:\/\/habilis.ro-botica.com\/es\/#\/schema\/logo\/image\/","url":"https:\/\/habilis.ro-botica.com\/wp-content\/uploads\/2023\/08\/logo-habilis-430.png","contentUrl":"https:\/\/habilis.ro-botica.com\/wp-content\/uploads\/2023\/08\/logo-habilis-430.png","width":888,"height":189,"caption":"Habilis"},"image":{"@id":"https:\/\/habilis.ro-botica.com\/es\/#\/schema\/logo\/image\/"},"sameAs":["https:\/\/x.com\/HabilisCat","https:\/\/www.instagram.com\/habiliscat\/","https:\/\/www.linkedin.com\/company\/habiliscat\/about\/"]},{"@type":"Person","@id":"https:\/\/habilis.ro-botica.com\/es\/#\/schema\/person\/60009f61efec1e98190e7d0e078084eb","name":"Sonia Casas","image":{"@type":"ImageObject","inLanguage":"es","@id":"https:\/\/habilis.ro-botica.com\/es\/#\/schema\/person\/image\/","url":"https:\/\/secure.gravatar.com\/avatar\/6002057f48fc1ac4a6681358706c052820c36d34349fe9aa09b21fc7fbb9ea39?s=96&d=mm&r=g","contentUrl":"https:\/\/secure.gravatar.com\/avatar\/6002057f48fc1ac4a6681358706c052820c36d34349fe9aa09b21fc7fbb9ea39?s=96&d=mm&r=g","caption":"Sonia Casas"},"url":"https:\/\/habilis.ro-botica.com\/es\/author\/s-casas\/"}]}},"_links":{"self":[{"href":"https:\/\/habilis.ro-botica.com\/es\/wp-json\/wp\/v2\/posts\/5147","targetHints":{"allow":["GET"]}}],"collection":[{"href":"https:\/\/habilis.ro-botica.com\/es\/wp-json\/wp\/v2\/posts"}],"about":[{"href":"https:\/\/habilis.ro-botica.com\/es\/wp-json\/wp\/v2\/types\/post"}],"author":[{"embeddable":true,"href":"https:\/\/habilis.ro-botica.com\/es\/wp-json\/wp\/v2\/users\/8"}],"replies":[{"embeddable":true,"href":"https:\/\/habilis.ro-botica.com\/es\/wp-json\/wp\/v2\/comments?post=5147"}],"version-history":[{"count":1,"href":"https:\/\/habilis.ro-botica.com\/es\/wp-json\/wp\/v2\/posts\/5147\/revisions"}],"predecessor-version":[{"id":6276,"href":"https:\/\/habilis.ro-botica.com\/es\/wp-json\/wp\/v2\/posts\/5147\/revisions\/6276"}],"wp:featuredmedia":[{"embeddable":true,"href":"https:\/\/habilis.ro-botica.com\/es\/wp-json\/wp\/v2\/media\/5145"}],"wp:attachment":[{"href":"https:\/\/habilis.ro-botica.com\/es\/wp-json\/wp\/v2\/media?parent=5147"}],"wp:term":[{"taxonomy":"category","embeddable":true,"href":"https:\/\/habilis.ro-botica.com\/es\/wp-json\/wp\/v2\/categories?post=5147"},{"taxonomy":"post_tag","embeddable":true,"href":"https:\/\/habilis.ro-botica.com\/es\/wp-json\/wp\/v2\/tags?post=5147"}],"curies":[{"name":"wp","href":"https:\/\/api.w.org\/{rel}","templated":true}]}}