{"id":6017,"date":"2024-05-23T11:24:07","date_gmt":"2024-05-23T10:24:07","guid":{"rendered":"https:\/\/habilis.ro-botica.com\/sin-categorizar\/la-capacitacio-tapropa-al-futur-que-vindra-que-no-esta-tan-lluny-encara-que-no-sabem-del-cert-com-sera\/"},"modified":"2024-07-04T17:16:24","modified_gmt":"2024-07-04T16:16:24","slug":"la-capacitacio-tapropa-al-futur-que-vindra-que-no-esta-tan-lluny-encara-que-no-sabem-del-cert-com-sera","status":"publish","type":"post","link":"https:\/\/habilis.ro-botica.com\/es\/la-capacitacio-tapropa-al-futur-que-vindra-que-no-esta-tan-lluny-encara-que-no-sabem-del-cert-com-sera\/","title":{"rendered":"\u00abLa capacitaci\u00f3n te acerca al futuro que vendr\u00e1, que no est\u00e1 tan lejos, aunque no sabemos con certeza c\u00f3mo ser\u00e1\u00bb"},"content":{"rendered":"\n<p>Ana Munteis, subdirectora de La Salle Premi\u00e0, coordinadora general de rob\u00f3tica en infantil y primaria, ha sido la comandante del grupo de profesores que han realizado la capacitaci\u00f3n en competencia digital B2. Conversamos con ella para conocer de primera mano c\u00f3mo ha vivido la experiencia, qu\u00e9 se lleva a nivel personal m\u00e1s all\u00e1 de los conocimientos adquiridos y c\u00f3mo percibe el futuro.<\/p>\n\n\n\n<p><strong>\u00bfPor qu\u00e9 has hecho la capacitaci\u00f3n en competencia digital?<br><\/strong>Empec\u00e9 con un webinar de Miquel \u00c0ngel Prats sobre IA y el futuro que nos esperaba a nivel de rob\u00f3tica y despu\u00e9s apareci\u00f3 el proyecto de <em>Objectiu: La Terra<\/em>. Me pareci\u00f3 una oportunidad para dar un paso adelante en el centro, tanto a nivel de material como para la capacitaci\u00f3n del profesorado. Ya est\u00e1bamos prepar\u00e1ndonos para obtener la capacitaci\u00f3n A1 que exige el Departamento, y decidimos apostar por el proyecto.<\/p>\n\n\n\n<p><strong>\u00bfHa sido como te imaginabas?<br><\/strong>Mejor. Me costaba imaginar c\u00f3mo aterrizar\u00eda en nuestro d\u00eda a d\u00eda el proyecto del espacio ni c\u00f3mo podr\u00edamos utilizar todo el material que recibir\u00edamos. Al final lo hemos adaptado a lo que necesitamos y hemos adquirido nuevos conocimientos.<\/p>\n\n\n\n<p><strong>\u00bfPor qu\u00e9 has sido la comandante?<br><\/strong>Como miembro del equipo directivo, fui a la presentaci\u00f3n del proyecto y luego expliqu\u00e9 a los compa\u00f1eros del claustro por qu\u00e9 deber\u00edamos hacerlo, que era una gran oportunidad. Por el cargo de subdirectora, tengo m\u00e1s disponibilidad de tiempo, tambi\u00e9n soy la coordinadora del Plan TAC (tecnolog\u00edas para el aprendizaje y el conocimiento), antes de ser maestra trabaj\u00e9 trece a\u00f1os como inform\u00e1tica y tengo facilidad para la tecnolog\u00eda. Supongo que todo eso hizo que nadie dudara de que ser\u00eda la comandante.<\/p>\n\n\n\n<p><strong>\u00bfC\u00f3mo ha sido la experiencia de liderar la tripulaci\u00f3n de diecinueve docentes que se han capacitado?<br><\/strong>Lo he vivido bien. Todo el profesorado que ha formado parte del proyecto estaba entusiasmado y ha tenido buena predisposici\u00f3n. Tambi\u00e9n me ha permitido tener m\u00e1s relaci\u00f3n con compa\u00f1eros con los que normalmente no ten\u00eda tanto contacto.<\/p>\n\n\n\n<p><strong>\u00bfQu\u00e9 es lo que m\u00e1s te ha gustado de liderar tu equipo?<br><\/strong>La respuesta de los compa\u00f1eros y la relaci\u00f3n que hemos establecido entre nosotros. Me ha gustado y sorprendido, porque es muy dif\u00edcil encontrar un punto en com\u00fan con gente tan diferente y eso nos ha unido m\u00e1s, nos ha permitido conocernos de otra manera y descubrir otras formas de pensar.<\/p>\n\n\n\n<p><strong>\u00bfQu\u00e9 ha sido lo m\u00e1s complicado?<br><\/strong>El final del proyecto. Comienzas con mucha expectativa, despu\u00e9s te entusiasmas, pero a medida que va pasando el curso estamos m\u00e1s cansados, cuesta continuar y no perder la ilusi\u00f3n. Hab\u00eda d\u00edas en que era dif\u00edcil ver el final, ir detr\u00e1s de los compa\u00f1eros para tenerlo todo listo y mantener la energ\u00eda del principio.<\/p>\n\n\n\n<blockquote class=\"wp-block-quote is-layout-flow wp-block-quote-is-layout-flow\">\n<p><em>\u00abTengo ganas de cambiar cosas, ense\u00f1ar dando m\u00e1s voz al alumnado, que tengan m\u00e1s libertad para decidir y abrir paso a la creatividad<\/em>.\u00bb<\/p>\n<\/blockquote>\n\n\n\n<p><strong>Qu\u00e8 \u00e9s el m\u00e9s sorprenent de tot el que has apr\u00e8s?\u00a0<\/strong><br>El futur que ens espera. No s\u00e9 qu\u00e8 hauran d\u2019aprendre els nostres alumnes ni com ho faran per\u00f2 la capacitaci\u00f3 t\u2019apropa al que vindr\u00e0, que no est\u00e0 tan lluny, encara que no sabem del cert com ser\u00e0.\u00a0<\/p>\n\n\n\n<p><strong>Com perceps aquest futur?&nbsp;<\/strong><br>Inquieta i a l\u2019expectativa. El m\u00e9s dif\u00edcil \u00e9s la vessant humana, dels valors. On quedar\u00e0 tot aix\u00f2? Haur\u00edem de trobar l\u2019equilibri entre el que ens espera i el que haur\u00edem de continuar sent, no haur\u00edem de perdre la part humana, \u00e9s l\u2019\u00fanic que em fa por.&nbsp;<\/p>\n\n\n\n<p><strong>Com ho contrarestaries?&nbsp;<\/strong><br>A l\u2019escola es treballa molt l\u2019educaci\u00f3 emocional, que \u00e9s important per\u00f2 no s\u00e9 si \u00e9s la resposta, es queden amb la teoria i no sempre saben incorporar-ho. Crec que el millor que es pot fer \u00e9s el treball en equip, perqu\u00e8 per aconseguir els objectius s\u2019han de treballar els valors, sin\u00f3 no s\u2019assoleix la fita. Es fa de forma gaireb\u00e9 inconscient, la feina en equip et demana compartir, ser emp\u00e0tic, escoltar\u2026 \u00e9s una molt bona manera.&nbsp;<\/p>\n\n\n\n<p><strong>M\u00e9s enll\u00e0 dels coneixements, qu\u00e8 t\u2019ha aportat a nivell personal?&nbsp;<\/strong><br>Moltes coses. Sobretot la relaci\u00f3 amb els companys per\u00f2 tamb\u00e9 la il\u00b7lusi\u00f3 de quelcom nou i diferent del que fem sempre, se t\u2019obre un m\u00f3n diferent, adonar-te de tot el que pots arribar a fer o fins i tot entendre millor com funciona l\u2019alumnat i per qu\u00e8 els atrau tant la tecnologia.&nbsp;<\/p>\n\n\n\n<figure class=\"wp-block-image size-large\"><img loading=\"lazy\" decoding=\"async\" width=\"1024\" height=\"576\" src=\"https:\/\/habilis.ro-botica.com\/wp-content\/uploads\/2024\/05\/Premia1010-1024x576.jpg\" alt=\"\" class=\"wp-image-4865\" srcset=\"https:\/\/habilis.ro-botica.com\/wp-content\/uploads\/2024\/05\/Premia1010-1024x576.jpg 1024w, https:\/\/habilis.ro-botica.com\/wp-content\/uploads\/2024\/05\/Premia1010-300x169.jpg 300w, https:\/\/habilis.ro-botica.com\/wp-content\/uploads\/2024\/05\/Premia1010-768x432.jpg 768w, https:\/\/habilis.ro-botica.com\/wp-content\/uploads\/2024\/05\/Premia1010-100x56.jpg 100w, https:\/\/habilis.ro-botica.com\/wp-content\/uploads\/2024\/05\/Premia1010-1536x864.jpg 1536w, https:\/\/habilis.ro-botica.com\/wp-content\/uploads\/2024\/05\/Premia1010-600x338.jpg 600w, https:\/\/habilis.ro-botica.com\/wp-content\/uploads\/2024\/05\/Premia1010.jpg 1920w\" sizes=\"auto, (max-width: 1024px) 100vw, 1024px\" \/><figcaption class=\"wp-element-caption\">Alumnos de la escuela La Salle Premi\u00e0 con un robot Matatalab | Marc Juan<\/figcaption><\/figure>\n\n\n\n<p><strong>\u00bfQu\u00e9 es lo m\u00e1s sorprendente de todo lo que has aprendido? <br><\/strong>El futuro que nos espera. No s\u00e9 qu\u00e9 tendr\u00e1n que aprender nuestros alumnos ni c\u00f3mo lo har\u00e1n, pero la capacitaci\u00f3n te acerca a lo que vendr\u00e1, que no est\u00e1 tan lejos, aunque no sabemos con certeza c\u00f3mo ser\u00e1.<\/p>\n\n\n\n<p><strong>\u00bfC\u00f3mo percibes ese futuro? <br><\/strong>Inquieta y a la expectativa. Lo m\u00e1s dif\u00edcil es el aspecto humano, los valores. \u00bfD\u00f3nde quedar\u00e1 todo eso? Deber\u00edamos encontrar el equilibrio entre lo que nos espera y lo que deber\u00edamos continuar siendo, no deber\u00edamos perder la parte humana, es lo \u00fanico que me da miedo.<\/p>\n\n\n\n<p><strong>\u00bfC\u00f3mo lo contrarrestar\u00edas? <br><\/strong>En la escuela se trabaja mucho la educaci\u00f3n emocional, que es importante pero no s\u00e9 si es la respuesta, se quedan con la teor\u00eda y no siempre saben incorporarlo. Creo que lo mejor que se puede hacer es el trabajo en equipo, porque para conseguir los objetivos se deben trabajar los valores, si no, no se alcanza la meta. Se hace de forma casi inconsciente, el trabajo en equipo te pide compartir, ser emp\u00e1tico, escuchar\u2026 es una muy buena manera.<\/p>\n\n\n\n<p><strong>M\u00e1s all\u00e1 de los conocimientos, \u00bfqu\u00e9 te ha aportado a nivel personal? <br><\/strong>Muchas cosas. Sobre todo la relaci\u00f3n con los compa\u00f1eros, pero tambi\u00e9n la ilusi\u00f3n de algo nuevo y diferente de lo que hacemos siempre, se te abre un mundo diferente, darte cuenta de todo lo que puedes llegar a hacer o incluso entender mejor c\u00f3mo funciona el alumnado y por qu\u00e9 les atrae tanto la tecnolog\u00eda.<\/p>\n\n\n\n<figure class=\"wp-block-image size-large\"><img loading=\"lazy\" decoding=\"async\" width=\"1024\" height=\"284\" src=\"https:\/\/habilis.ro-botica.com\/wp-content\/uploads\/2024\/05\/Faldo-logos-sencer-1024x284.png\" alt=\"\" class=\"wp-image-4842\" srcset=\"https:\/\/habilis.ro-botica.com\/wp-content\/uploads\/2024\/05\/Faldo-logos-sencer-1024x284.png 1024w, https:\/\/habilis.ro-botica.com\/wp-content\/uploads\/2024\/05\/Faldo-logos-sencer-300x83.png 300w, https:\/\/habilis.ro-botica.com\/wp-content\/uploads\/2024\/05\/Faldo-logos-sencer-768x213.png 768w, https:\/\/habilis.ro-botica.com\/wp-content\/uploads\/2024\/05\/Faldo-logos-sencer-100x28.png 100w, https:\/\/habilis.ro-botica.com\/wp-content\/uploads\/2024\/05\/Faldo-logos-sencer-600x167.png 600w, https:\/\/habilis.ro-botica.com\/wp-content\/uploads\/2024\/05\/Faldo-logos-sencer.png 1080w\" sizes=\"auto, (max-width: 1024px) 100vw, 1024px\" \/><\/figure>\n","protected":false},"excerpt":{"rendered":"<p>Ana Munteis, subdirectora de La Salle Premi\u00e0, coordinadora general de rob\u00f3tica en infantil y primaria, ha sido la comandante del &#8230; <a title=\"\u00abLa capacitaci\u00f3n te acerca al futuro que vendr\u00e1, que no est\u00e1 tan lejos, aunque no sabemos con certeza c\u00f3mo ser\u00e1\u00bb\" class=\"read-more\" href=\"https:\/\/habilis.ro-botica.com\/es\/la-capacitacio-tapropa-al-futur-que-vindra-que-no-esta-tan-lluny-encara-que-no-sabem-del-cert-com-sera\/\" aria-label=\"Leer m\u00e1s sobre \u00abLa capacitaci\u00f3n te acerca al futuro que vendr\u00e1, que no est\u00e1 tan lejos, aunque no sabemos con certeza c\u00f3mo ser\u00e1\u00bb\"> <\/a><\/p>\n","protected":false},"author":14,"featured_media":4870,"comment_status":"closed","ping_status":"closed","sticky":false,"template":"","format":"standard","meta":{"_acf_changed":false,"inline_featured_image":false,"footnotes":""},"categories":[16],"tags":[445,104,98],"class_list":["post-6017","post","type-post","status-publish","format-standard","has-post-thumbnail","hentry","category-conversaciones","tag-objectiulaterra-2-es","tag-educacion-consciente","tag-mundo-steam","generate-columns","tablet-grid-50","mobile-grid-100","grid-parent","grid-25"],"acf":[],"yoast_head":"<!-- This site is optimized with the Yoast SEO plugin v25.5 - https:\/\/yoast.com\/wordpress\/plugins\/seo\/ -->\n<title>&quot;La capacitaci\u00f3n te acerca al futuro que vendr\u00e1, que no est\u00e1 tan lejos, aunque no sabemos con certeza c\u00f3mo ser\u00e1&quot; - Habilis<\/title>\n<meta name=\"robots\" content=\"index, follow, max-snippet:-1, max-image-preview:large, max-video-preview:-1\" \/>\n<link rel=\"canonical\" href=\"https:\/\/habilis.ro-botica.com\/es\/la-capacitacio-tapropa-al-futur-que-vindra-que-no-esta-tan-lluny-encara-que-no-sabem-del-cert-com-sera\/\" \/>\n<meta property=\"og:locale\" content=\"es_ES\" \/>\n<meta property=\"og:type\" content=\"article\" \/>\n<meta property=\"og:title\" content=\"&quot;La capacitaci\u00f3n te acerca al futuro que vendr\u00e1, que no est\u00e1 tan lejos, aunque no sabemos con certeza c\u00f3mo ser\u00e1&quot; - Habilis\" \/>\n<meta property=\"og:description\" content=\"Ana Munteis, subdirectora de La Salle Premi\u00e0, coordinadora general de rob\u00f3tica en infantil y primaria, ha sido la comandante del ...\" \/>\n<meta property=\"og:url\" content=\"https:\/\/habilis.ro-botica.com\/es\/la-capacitacio-tapropa-al-futur-que-vindra-que-no-esta-tan-lluny-encara-que-no-sabem-del-cert-com-sera\/\" \/>\n<meta property=\"og:site_name\" content=\"Habilis\" \/>\n<meta property=\"article:published_time\" content=\"2024-05-23T10:24:07+00:00\" \/>\n<meta property=\"article:modified_time\" content=\"2024-07-04T16:16:24+00:00\" \/>\n<meta property=\"og:image\" content=\"https:\/\/habilis.ro-botica.com\/wp-content\/uploads\/2024\/05\/Petit-Ana.jpg\" \/>\n\t<meta property=\"og:image:width\" content=\"500\" \/>\n\t<meta property=\"og:image:height\" content=\"500\" \/>\n\t<meta property=\"og:image:type\" content=\"image\/jpeg\" \/>\n<meta name=\"author\" content=\"Olga Vallejo\" \/>\n<meta name=\"twitter:card\" content=\"summary_large_image\" \/>\n<meta name=\"twitter:creator\" content=\"@HabilisCat\" \/>\n<meta name=\"twitter:site\" content=\"@HabilisCat\" \/>\n<meta name=\"twitter:label1\" content=\"Escrito por\" \/>\n\t<meta name=\"twitter:data1\" content=\"Olga Vallejo\" \/>\n\t<meta name=\"twitter:label2\" content=\"Tiempo de lectura\" \/>\n\t<meta name=\"twitter:data2\" content=\"6 minutos\" \/>\n<script type=\"application\/ld+json\" class=\"yoast-schema-graph\">{\"@context\":\"https:\/\/schema.org\",\"@graph\":[{\"@type\":\"Article\",\"@id\":\"https:\/\/habilis.ro-botica.com\/es\/la-capacitacio-tapropa-al-futur-que-vindra-que-no-esta-tan-lluny-encara-que-no-sabem-del-cert-com-sera\/#article\",\"isPartOf\":{\"@id\":\"https:\/\/habilis.ro-botica.com\/es\/la-capacitacio-tapropa-al-futur-que-vindra-que-no-esta-tan-lluny-encara-que-no-sabem-del-cert-com-sera\/\"},\"author\":{\"name\":\"Olga Vallejo\",\"@id\":\"https:\/\/habilis.ro-botica.com\/es\/#\/schema\/person\/c45c1143bcb45f55b07c9768367b10a9\"},\"headline\":\"\u00abLa capacitaci\u00f3n te acerca al futuro que vendr\u00e1, que no est\u00e1 tan lejos, aunque no sabemos con certeza c\u00f3mo ser\u00e1\u00bb\",\"datePublished\":\"2024-05-23T10:24:07+00:00\",\"dateModified\":\"2024-07-04T16:16:24+00:00\",\"mainEntityOfPage\":{\"@id\":\"https:\/\/habilis.ro-botica.com\/es\/la-capacitacio-tapropa-al-futur-que-vindra-que-no-esta-tan-lluny-encara-que-no-sabem-del-cert-com-sera\/\"},\"wordCount\":1100,\"publisher\":{\"@id\":\"https:\/\/habilis.ro-botica.com\/es\/#organization\"},\"image\":{\"@id\":\"https:\/\/habilis.ro-botica.com\/es\/la-capacitacio-tapropa-al-futur-que-vindra-que-no-esta-tan-lluny-encara-que-no-sabem-del-cert-com-sera\/#primaryimage\"},\"thumbnailUrl\":\"https:\/\/habilis.ro-botica.com\/wp-content\/uploads\/2024\/05\/Petit-Ana.jpg\",\"keywords\":[\"#Objectiulaterra\",\"Educaci\u00f3n consciente\",\"Mundo steam\"],\"articleSection\":[\"Conversaciones\"],\"inLanguage\":\"es\"},{\"@type\":\"WebPage\",\"@id\":\"https:\/\/habilis.ro-botica.com\/es\/la-capacitacio-tapropa-al-futur-que-vindra-que-no-esta-tan-lluny-encara-que-no-sabem-del-cert-com-sera\/\",\"url\":\"https:\/\/habilis.ro-botica.com\/es\/la-capacitacio-tapropa-al-futur-que-vindra-que-no-esta-tan-lluny-encara-que-no-sabem-del-cert-com-sera\/\",\"name\":\"\\\"La capacitaci\u00f3n te acerca al futuro que vendr\u00e1, que no est\u00e1 tan lejos, aunque no sabemos con certeza c\u00f3mo ser\u00e1\\\" - Habilis\",\"isPartOf\":{\"@id\":\"https:\/\/habilis.ro-botica.com\/es\/#website\"},\"primaryImageOfPage\":{\"@id\":\"https:\/\/habilis.ro-botica.com\/es\/la-capacitacio-tapropa-al-futur-que-vindra-que-no-esta-tan-lluny-encara-que-no-sabem-del-cert-com-sera\/#primaryimage\"},\"image\":{\"@id\":\"https:\/\/habilis.ro-botica.com\/es\/la-capacitacio-tapropa-al-futur-que-vindra-que-no-esta-tan-lluny-encara-que-no-sabem-del-cert-com-sera\/#primaryimage\"},\"thumbnailUrl\":\"https:\/\/habilis.ro-botica.com\/wp-content\/uploads\/2024\/05\/Petit-Ana.jpg\",\"datePublished\":\"2024-05-23T10:24:07+00:00\",\"dateModified\":\"2024-07-04T16:16:24+00:00\",\"breadcrumb\":{\"@id\":\"https:\/\/habilis.ro-botica.com\/es\/la-capacitacio-tapropa-al-futur-que-vindra-que-no-esta-tan-lluny-encara-que-no-sabem-del-cert-com-sera\/#breadcrumb\"},\"inLanguage\":\"es\",\"potentialAction\":[{\"@type\":\"ReadAction\",\"target\":[\"https:\/\/habilis.ro-botica.com\/es\/la-capacitacio-tapropa-al-futur-que-vindra-que-no-esta-tan-lluny-encara-que-no-sabem-del-cert-com-sera\/\"]}]},{\"@type\":\"ImageObject\",\"inLanguage\":\"es\",\"@id\":\"https:\/\/habilis.ro-botica.com\/es\/la-capacitacio-tapropa-al-futur-que-vindra-que-no-esta-tan-lluny-encara-que-no-sabem-del-cert-com-sera\/#primaryimage\",\"url\":\"https:\/\/habilis.ro-botica.com\/wp-content\/uploads\/2024\/05\/Petit-Ana.jpg\",\"contentUrl\":\"https:\/\/habilis.ro-botica.com\/wp-content\/uploads\/2024\/05\/Petit-Ana.jpg\",\"width\":500,\"height\":500},{\"@type\":\"BreadcrumbList\",\"@id\":\"https:\/\/habilis.ro-botica.com\/es\/la-capacitacio-tapropa-al-futur-que-vindra-que-no-esta-tan-lluny-encara-que-no-sabem-del-cert-com-sera\/#breadcrumb\",\"itemListElement\":[{\"@type\":\"ListItem\",\"position\":1,\"name\":\"Portada\",\"item\":\"https:\/\/habilis.ro-botica.com\/es\/\"},{\"@type\":\"ListItem\",\"position\":2,\"name\":\"&#8220;La capacitaci\u00f3n te acerca al futuro que vendr\u00e1, que no est\u00e1 tan lejos, aunque no sabemos con certeza c\u00f3mo ser\u00e1&#8221;\"}]},{\"@type\":\"WebSite\",\"@id\":\"https:\/\/habilis.ro-botica.com\/es\/#website\",\"url\":\"https:\/\/habilis.ro-botica.com\/es\/\",\"name\":\"Habilis\",\"description\":\"Aprende con las manos\",\"publisher\":{\"@id\":\"https:\/\/habilis.ro-botica.com\/es\/#organization\"},\"potentialAction\":[{\"@type\":\"SearchAction\",\"target\":{\"@type\":\"EntryPoint\",\"urlTemplate\":\"https:\/\/habilis.ro-botica.com\/es\/?s={search_term_string}\"},\"query-input\":{\"@type\":\"PropertyValueSpecification\",\"valueRequired\":true,\"valueName\":\"search_term_string\"}}],\"inLanguage\":\"es\"},{\"@type\":\"Organization\",\"@id\":\"https:\/\/habilis.ro-botica.com\/es\/#organization\",\"name\":\"Habilis\",\"url\":\"https:\/\/habilis.ro-botica.com\/es\/\",\"logo\":{\"@type\":\"ImageObject\",\"inLanguage\":\"es\",\"@id\":\"https:\/\/habilis.ro-botica.com\/es\/#\/schema\/logo\/image\/\",\"url\":\"https:\/\/habilis.ro-botica.com\/wp-content\/uploads\/2023\/08\/logo-habilis-430.png\",\"contentUrl\":\"https:\/\/habilis.ro-botica.com\/wp-content\/uploads\/2023\/08\/logo-habilis-430.png\",\"width\":888,\"height\":189,\"caption\":\"Habilis\"},\"image\":{\"@id\":\"https:\/\/habilis.ro-botica.com\/es\/#\/schema\/logo\/image\/\"},\"sameAs\":[\"https:\/\/x.com\/HabilisCat\",\"https:\/\/www.instagram.com\/habiliscat\/\",\"https:\/\/www.linkedin.com\/company\/habiliscat\/about\/\"]},{\"@type\":\"Person\",\"@id\":\"https:\/\/habilis.ro-botica.com\/es\/#\/schema\/person\/c45c1143bcb45f55b07c9768367b10a9\",\"name\":\"Olga Vallejo\",\"image\":{\"@type\":\"ImageObject\",\"inLanguage\":\"es\",\"@id\":\"https:\/\/habilis.ro-botica.com\/es\/#\/schema\/person\/image\/\",\"url\":\"https:\/\/secure.gravatar.com\/avatar\/a5be36e9bcb32f17528c4b5812d7330962b8c1b0f06faf882558f8cfa3bfd494?s=96&d=mm&r=g\",\"contentUrl\":\"https:\/\/secure.gravatar.com\/avatar\/a5be36e9bcb32f17528c4b5812d7330962b8c1b0f06faf882558f8cfa3bfd494?s=96&d=mm&r=g\",\"caption\":\"Olga Vallejo\"},\"url\":\"https:\/\/habilis.ro-botica.com\/es\/author\/olga-vallejo\/\"}]}<\/script>\n<!-- \/ Yoast SEO plugin. -->","yoast_head_json":{"title":"\"La capacitaci\u00f3n te acerca al futuro que vendr\u00e1, que no est\u00e1 tan lejos, aunque no sabemos con certeza c\u00f3mo ser\u00e1\" - Habilis","robots":{"index":"index","follow":"follow","max-snippet":"max-snippet:-1","max-image-preview":"max-image-preview:large","max-video-preview":"max-video-preview:-1"},"canonical":"https:\/\/habilis.ro-botica.com\/es\/la-capacitacio-tapropa-al-futur-que-vindra-que-no-esta-tan-lluny-encara-que-no-sabem-del-cert-com-sera\/","og_locale":"es_ES","og_type":"article","og_title":"\"La capacitaci\u00f3n te acerca al futuro que vendr\u00e1, que no est\u00e1 tan lejos, aunque no sabemos con certeza c\u00f3mo ser\u00e1\" - Habilis","og_description":"Ana Munteis, subdirectora de La Salle Premi\u00e0, coordinadora general de rob\u00f3tica en infantil y primaria, ha sido la comandante del ...","og_url":"https:\/\/habilis.ro-botica.com\/es\/la-capacitacio-tapropa-al-futur-que-vindra-que-no-esta-tan-lluny-encara-que-no-sabem-del-cert-com-sera\/","og_site_name":"Habilis","article_published_time":"2024-05-23T10:24:07+00:00","article_modified_time":"2024-07-04T16:16:24+00:00","og_image":[{"width":500,"height":500,"url":"https:\/\/habilis.ro-botica.com\/wp-content\/uploads\/2024\/05\/Petit-Ana.jpg","type":"image\/jpeg"}],"author":"Olga Vallejo","twitter_card":"summary_large_image","twitter_creator":"@HabilisCat","twitter_site":"@HabilisCat","twitter_misc":{"Escrito por":"Olga Vallejo","Tiempo de lectura":"6 minutos"},"schema":{"@context":"https:\/\/schema.org","@graph":[{"@type":"Article","@id":"https:\/\/habilis.ro-botica.com\/es\/la-capacitacio-tapropa-al-futur-que-vindra-que-no-esta-tan-lluny-encara-que-no-sabem-del-cert-com-sera\/#article","isPartOf":{"@id":"https:\/\/habilis.ro-botica.com\/es\/la-capacitacio-tapropa-al-futur-que-vindra-que-no-esta-tan-lluny-encara-que-no-sabem-del-cert-com-sera\/"},"author":{"name":"Olga Vallejo","@id":"https:\/\/habilis.ro-botica.com\/es\/#\/schema\/person\/c45c1143bcb45f55b07c9768367b10a9"},"headline":"\u00abLa capacitaci\u00f3n te acerca al futuro que vendr\u00e1, que no est\u00e1 tan lejos, aunque no sabemos con certeza c\u00f3mo ser\u00e1\u00bb","datePublished":"2024-05-23T10:24:07+00:00","dateModified":"2024-07-04T16:16:24+00:00","mainEntityOfPage":{"@id":"https:\/\/habilis.ro-botica.com\/es\/la-capacitacio-tapropa-al-futur-que-vindra-que-no-esta-tan-lluny-encara-que-no-sabem-del-cert-com-sera\/"},"wordCount":1100,"publisher":{"@id":"https:\/\/habilis.ro-botica.com\/es\/#organization"},"image":{"@id":"https:\/\/habilis.ro-botica.com\/es\/la-capacitacio-tapropa-al-futur-que-vindra-que-no-esta-tan-lluny-encara-que-no-sabem-del-cert-com-sera\/#primaryimage"},"thumbnailUrl":"https:\/\/habilis.ro-botica.com\/wp-content\/uploads\/2024\/05\/Petit-Ana.jpg","keywords":["#Objectiulaterra","Educaci\u00f3n consciente","Mundo steam"],"articleSection":["Conversaciones"],"inLanguage":"es"},{"@type":"WebPage","@id":"https:\/\/habilis.ro-botica.com\/es\/la-capacitacio-tapropa-al-futur-que-vindra-que-no-esta-tan-lluny-encara-que-no-sabem-del-cert-com-sera\/","url":"https:\/\/habilis.ro-botica.com\/es\/la-capacitacio-tapropa-al-futur-que-vindra-que-no-esta-tan-lluny-encara-que-no-sabem-del-cert-com-sera\/","name":"\"La capacitaci\u00f3n te acerca al futuro que vendr\u00e1, que no est\u00e1 tan lejos, aunque no sabemos con certeza c\u00f3mo ser\u00e1\" - Habilis","isPartOf":{"@id":"https:\/\/habilis.ro-botica.com\/es\/#website"},"primaryImageOfPage":{"@id":"https:\/\/habilis.ro-botica.com\/es\/la-capacitacio-tapropa-al-futur-que-vindra-que-no-esta-tan-lluny-encara-que-no-sabem-del-cert-com-sera\/#primaryimage"},"image":{"@id":"https:\/\/habilis.ro-botica.com\/es\/la-capacitacio-tapropa-al-futur-que-vindra-que-no-esta-tan-lluny-encara-que-no-sabem-del-cert-com-sera\/#primaryimage"},"thumbnailUrl":"https:\/\/habilis.ro-botica.com\/wp-content\/uploads\/2024\/05\/Petit-Ana.jpg","datePublished":"2024-05-23T10:24:07+00:00","dateModified":"2024-07-04T16:16:24+00:00","breadcrumb":{"@id":"https:\/\/habilis.ro-botica.com\/es\/la-capacitacio-tapropa-al-futur-que-vindra-que-no-esta-tan-lluny-encara-que-no-sabem-del-cert-com-sera\/#breadcrumb"},"inLanguage":"es","potentialAction":[{"@type":"ReadAction","target":["https:\/\/habilis.ro-botica.com\/es\/la-capacitacio-tapropa-al-futur-que-vindra-que-no-esta-tan-lluny-encara-que-no-sabem-del-cert-com-sera\/"]}]},{"@type":"ImageObject","inLanguage":"es","@id":"https:\/\/habilis.ro-botica.com\/es\/la-capacitacio-tapropa-al-futur-que-vindra-que-no-esta-tan-lluny-encara-que-no-sabem-del-cert-com-sera\/#primaryimage","url":"https:\/\/habilis.ro-botica.com\/wp-content\/uploads\/2024\/05\/Petit-Ana.jpg","contentUrl":"https:\/\/habilis.ro-botica.com\/wp-content\/uploads\/2024\/05\/Petit-Ana.jpg","width":500,"height":500},{"@type":"BreadcrumbList","@id":"https:\/\/habilis.ro-botica.com\/es\/la-capacitacio-tapropa-al-futur-que-vindra-que-no-esta-tan-lluny-encara-que-no-sabem-del-cert-com-sera\/#breadcrumb","itemListElement":[{"@type":"ListItem","position":1,"name":"Portada","item":"https:\/\/habilis.ro-botica.com\/es\/"},{"@type":"ListItem","position":2,"name":"&#8220;La capacitaci\u00f3n te acerca al futuro que vendr\u00e1, que no est\u00e1 tan lejos, aunque no sabemos con certeza c\u00f3mo ser\u00e1&#8221;"}]},{"@type":"WebSite","@id":"https:\/\/habilis.ro-botica.com\/es\/#website","url":"https:\/\/habilis.ro-botica.com\/es\/","name":"Habilis","description":"Aprende con las manos","publisher":{"@id":"https:\/\/habilis.ro-botica.com\/es\/#organization"},"potentialAction":[{"@type":"SearchAction","target":{"@type":"EntryPoint","urlTemplate":"https:\/\/habilis.ro-botica.com\/es\/?s={search_term_string}"},"query-input":{"@type":"PropertyValueSpecification","valueRequired":true,"valueName":"search_term_string"}}],"inLanguage":"es"},{"@type":"Organization","@id":"https:\/\/habilis.ro-botica.com\/es\/#organization","name":"Habilis","url":"https:\/\/habilis.ro-botica.com\/es\/","logo":{"@type":"ImageObject","inLanguage":"es","@id":"https:\/\/habilis.ro-botica.com\/es\/#\/schema\/logo\/image\/","url":"https:\/\/habilis.ro-botica.com\/wp-content\/uploads\/2023\/08\/logo-habilis-430.png","contentUrl":"https:\/\/habilis.ro-botica.com\/wp-content\/uploads\/2023\/08\/logo-habilis-430.png","width":888,"height":189,"caption":"Habilis"},"image":{"@id":"https:\/\/habilis.ro-botica.com\/es\/#\/schema\/logo\/image\/"},"sameAs":["https:\/\/x.com\/HabilisCat","https:\/\/www.instagram.com\/habiliscat\/","https:\/\/www.linkedin.com\/company\/habiliscat\/about\/"]},{"@type":"Person","@id":"https:\/\/habilis.ro-botica.com\/es\/#\/schema\/person\/c45c1143bcb45f55b07c9768367b10a9","name":"Olga Vallejo","image":{"@type":"ImageObject","inLanguage":"es","@id":"https:\/\/habilis.ro-botica.com\/es\/#\/schema\/person\/image\/","url":"https:\/\/secure.gravatar.com\/avatar\/a5be36e9bcb32f17528c4b5812d7330962b8c1b0f06faf882558f8cfa3bfd494?s=96&d=mm&r=g","contentUrl":"https:\/\/secure.gravatar.com\/avatar\/a5be36e9bcb32f17528c4b5812d7330962b8c1b0f06faf882558f8cfa3bfd494?s=96&d=mm&r=g","caption":"Olga Vallejo"},"url":"https:\/\/habilis.ro-botica.com\/es\/author\/olga-vallejo\/"}]}},"_links":{"self":[{"href":"https:\/\/habilis.ro-botica.com\/es\/wp-json\/wp\/v2\/posts\/6017","targetHints":{"allow":["GET"]}}],"collection":[{"href":"https:\/\/habilis.ro-botica.com\/es\/wp-json\/wp\/v2\/posts"}],"about":[{"href":"https:\/\/habilis.ro-botica.com\/es\/wp-json\/wp\/v2\/types\/post"}],"author":[{"embeddable":true,"href":"https:\/\/habilis.ro-botica.com\/es\/wp-json\/wp\/v2\/users\/14"}],"replies":[{"embeddable":true,"href":"https:\/\/habilis.ro-botica.com\/es\/wp-json\/wp\/v2\/comments?post=6017"}],"version-history":[{"count":0,"href":"https:\/\/habilis.ro-botica.com\/es\/wp-json\/wp\/v2\/posts\/6017\/revisions"}],"wp:featuredmedia":[{"embeddable":true,"href":"https:\/\/habilis.ro-botica.com\/es\/wp-json\/wp\/v2\/media\/4870"}],"wp:attachment":[{"href":"https:\/\/habilis.ro-botica.com\/es\/wp-json\/wp\/v2\/media?parent=6017"}],"wp:term":[{"taxonomy":"category","embeddable":true,"href":"https:\/\/habilis.ro-botica.com\/es\/wp-json\/wp\/v2\/categories?post=6017"},{"taxonomy":"post_tag","embeddable":true,"href":"https:\/\/habilis.ro-botica.com\/es\/wp-json\/wp\/v2\/tags?post=6017"}],"curies":[{"name":"wp","href":"https:\/\/api.w.org\/{rel}","templated":true}]}}