{"id":6021,"date":"2024-05-23T11:02:41","date_gmt":"2024-05-23T10:02:41","guid":{"rendered":"https:\/\/habilis.ro-botica.com\/sin-categorizar\/objectiu-la-terra-aprendre-amb-les-situacions-daprenentatge\/"},"modified":"2024-07-05T11:21:48","modified_gmt":"2024-07-05T10:21:48","slug":"objectiu-la-terra-aprendre-amb-les-situacions-daprenentatge","status":"publish","type":"post","link":"https:\/\/habilis.ro-botica.com\/es\/objectiu-la-terra-la-robotica-educativa-en-les-situacions-daprentatge\/","title":{"rendered":"Objectiu la Terra: La rob\u00f2tica educativa en las situaciones de aprendizaje"},"content":{"rendered":"\n<p>La LOMLOE (Ley Org\u00e1nica de modificaci\u00f3n de la Ley Org\u00e1nica de Educaci\u00f3n) de 2020 establece que, para lograr que los aprendizajes sean significativos, se deber\u00e1 trabajar con situaciones de aprendizaje bien contextualizadas, respetuosas con las experiencias del alumnado y las diferentes formas de entender la realidad.<\/p>\n\n\n\n<p>Las situaciones de aprendizaje son los escenarios que el alumnado encuentra en la vida real y que los centros educativos pueden utilizar para desarrollar aprendizajes. Se trata de que los docentes dise\u00f1en las actividades para que el alumnado aplique los conocimientos adquiridos en la resoluci\u00f3n de un problema.<\/p>\n\n\n\n<p><strong>La misma pregunta como punto de partida <\/strong><br>El profesorado que ha hecho la capacitaci\u00f3n digital B2 ha respondido a la pregunta de c\u00f3mo se puede mejorar la Tierra desde el espacio, dise\u00f1ando un proyecto que diera respuesta al reto elegido. Adem\u00e1s del trabajo que ha hecho el profesorado, form\u00e1ndose y preparando los portafolios necesarios, han trabajado en el aula con impresi\u00f3n 3D, programaci\u00f3n con Scratch, realidad virtual y aumentada, o pensamiento computacional desconectado. \u201cEl proyecto de capacitaci\u00f3n Objetivo: La Tierra, nos ha permitido plantear situaciones de aprendizaje en el aula teniendo el espacio como centro de inter\u00e9s\u201d, comenta Judit Nogueras, maestra de la Escola Pia Calella. En las clases de tecnolog\u00eda y pensamiento computacional, el centro ha planteado una pregunta a todo el alumnado, desde I4 hasta 6\u00ba de primaria: <em>\u00bfQu\u00e9 es lo que necesitamos para ir a vivir a la luna?<\/em> Y a partir de ah\u00ed, el alumnado ha investigado sobre cu\u00e1les eran los elementos primordiales para vivir all\u00ed.<\/p>\n\n\n\n<figure class=\"wp-block-image size-large\"><img loading=\"lazy\" decoding=\"async\" width=\"1024\" height=\"576\" src=\"https:\/\/habilis.ro-botica.com\/wp-content\/uploads\/2024\/06\/Calella70-1024x576.jpg\" alt=\"\" class=\"wp-image-4889\" srcset=\"https:\/\/habilis.ro-botica.com\/wp-content\/uploads\/2024\/06\/Calella70-1024x576.jpg 1024w, https:\/\/habilis.ro-botica.com\/wp-content\/uploads\/2024\/06\/Calella70-300x169.jpg 300w, https:\/\/habilis.ro-botica.com\/wp-content\/uploads\/2024\/06\/Calella70-768x432.jpg 768w, https:\/\/habilis.ro-botica.com\/wp-content\/uploads\/2024\/06\/Calella70-100x56.jpg 100w, https:\/\/habilis.ro-botica.com\/wp-content\/uploads\/2024\/06\/Calella70-1536x864.jpg 1536w, https:\/\/habilis.ro-botica.com\/wp-content\/uploads\/2024\/06\/Calella70-600x338.jpg 600w, https:\/\/habilis.ro-botica.com\/wp-content\/uploads\/2024\/06\/Calella70.jpg 1920w\" sizes=\"auto, (max-width: 1024px) 100vw, 1024px\" \/><figcaption class=\"wp-element-caption\">Alumnos de la Escola Pia de Calella durante una de sus clases | Marc Juan<\/figcaption><\/figure>\n\n\n\n<p><strong>Diferentes abordajes <br><\/strong>En funci\u00f3n de los cursos, se ha trabajado con unos materiales u otros, y se ha ido concretando la pregunta inicial que se planteaba a todos.<\/p>\n\n\n\n<p><strong>I4.<\/strong> Han investigado qu\u00e9 necesitar\u00edan para poder vivir en la luna: agua y nutrientes han sido los grandes protagonistas. Con el LEGO Coding Express, que permite aprender habilidades b\u00e1sicas de programaci\u00f3n, han ido recogiendo estos elementos necesarios.<\/p>\n\n\n\n<p><strong>I5.<\/strong> Han trabajado el consumo diario de agua que se podr\u00eda tener en la luna y la recolecci\u00f3n de la basura que encontraban en el espacio con el Tale-Bot. Este robot les ha permitido aprender conceptos b\u00e1sicos de programaci\u00f3n y secuenciaci\u00f3n sin necesidad de saber leer ni usar pantallas.<\/p>\n\n\n\n<p><strong>1\u00ba y 2\u00ba.<\/strong> Con un l\u00e1piz 3D han aprendido a dise\u00f1ar y crear unas gafas para la llegada a la luna. Tambi\u00e9n con el lenguaje de programaci\u00f3n Scratch han recreado c\u00f3mo ser\u00eda un asentamiento lunar.<\/p>\n\n\n\n<p><strong>3\u00ba y 4\u00ba.<\/strong> Han creado un sensor de humedad con el objetivo de intentar ahorrar agua, utilizando la microbit, una peque\u00f1a placa programable que permite trabajar la electr\u00f3nica.<\/p>\n\n\n\n<p><strong>5\u00ba y 6\u00ba.<\/strong> Concluyen que para poder vivir en la luna, los alimentos se deber\u00e1n cultivar dentro de invernaderos. Los invernaderos los han dise\u00f1ado en 3D con TinkerCad y los han impreso con impresoras 3D. Con la Realidad Aumentada de Merge Cube \u2014un cubo f\u00edsico de goma que permite ver im\u00e1genes en 3D\u2014, han visto algunos elementos que hay en el espacio.<\/p>\n\n\n\n<p>Nogueras explica que el alumnado ha reaccionado de manera muy positiva: \u201cLes ha gustado much\u00edsimo el nuevo material del que hemos dispuesto. Al principio estaban nerviosos y no sab\u00edan c\u00f3mo actuar\u201d. Aun as\u00ed, a medida que adquir\u00edan m\u00e1s pr\u00e1ctica, eran lo suficientemente aut\u00f3nomos para gestionar las actividades que se les planteaban. Asegura que ha sido incre\u00edble verlos tan motivados y c\u00f3mo les gustaba esta nueva manera de hacer, aprendiendo todos juntos. \u201cCuando recibes el material, tienes un poco de miedo\u201d, reconoce la maestra. Ante la duda de si sabr\u00eda utilizarlo, ha supuesto un trabajo previo de formarse y preparar mucho las clases, de ir aprendiendo con los alumnos con un trabajo diario y constante a lo largo de todo el curso.<\/p>\n\n\n\n<p>Nuevas maneras de encarar el futuro Nogueras considera que las situaciones de aprendizaje han sido una buena manera de afrontar el futuro porque preparan al alumnado para vivir en la sociedad actual, donde no solo deben conocer su \u00e1mbito profesional, sino tambi\u00e9n usar las tecnolog\u00edas digitales que se est\u00e1n desplegando y ser capaces de desarrollar habilidades que les son positivas para el d\u00eda a d\u00eda, como el reconocimiento de patrones, el razonamiento l\u00f3gico, los algoritmos, hacer actividades de pensamiento computacional desconectado, pensar de forma m\u00e1s cr\u00edtica, colaborar o el trabajo en equipo.<\/p>\n\n\n\n<p>Para la maestra tambi\u00e9n ha sido todo un aprendizaje: \u201cAcompa\u00f1arlos ha sido muy enriquecedor. Ha sido un reto importante buscar y encontrar soluciones, muchas veces juntos, cuando algo no sal\u00eda\u201d, concluye Nogueras.<\/p>\n\n\n\n<figure class=\"wp-block-image size-large\"><img loading=\"lazy\" decoding=\"async\" width=\"1024\" height=\"284\" src=\"https:\/\/habilis.ro-botica.com\/wp-content\/uploads\/2024\/05\/Faldo-logos-sencer-1024x284.png\" alt=\"\" class=\"wp-image-4842\" srcset=\"https:\/\/habilis.ro-botica.com\/wp-content\/uploads\/2024\/05\/Faldo-logos-sencer-1024x284.png 1024w, https:\/\/habilis.ro-botica.com\/wp-content\/uploads\/2024\/05\/Faldo-logos-sencer-300x83.png 300w, https:\/\/habilis.ro-botica.com\/wp-content\/uploads\/2024\/05\/Faldo-logos-sencer-768x213.png 768w, https:\/\/habilis.ro-botica.com\/wp-content\/uploads\/2024\/05\/Faldo-logos-sencer-100x28.png 100w, https:\/\/habilis.ro-botica.com\/wp-content\/uploads\/2024\/05\/Faldo-logos-sencer-600x167.png 600w, https:\/\/habilis.ro-botica.com\/wp-content\/uploads\/2024\/05\/Faldo-logos-sencer.png 1080w\" sizes=\"auto, (max-width: 1024px) 100vw, 1024px\" \/><\/figure>\n","protected":false},"excerpt":{"rendered":"<p>La LOMLOE (Ley Org\u00e1nica de modificaci\u00f3n de la Ley Org\u00e1nica de Educaci\u00f3n) de 2020 establece que, para lograr que los &#8230; <a title=\"Objectiu la Terra: La rob\u00f2tica educativa en las situaciones de aprendizaje\" class=\"read-more\" href=\"https:\/\/habilis.ro-botica.com\/es\/objectiu-la-terra-la-robotica-educativa-en-les-situacions-daprentatge\/\" aria-label=\"Leer m\u00e1s sobre Objectiu la Terra: La rob\u00f2tica educativa en las situaciones de aprendizaje\"> <\/a><\/p>\n","protected":false},"author":14,"featured_media":4888,"comment_status":"closed","ping_status":"closed","sticky":false,"template":"","format":"standard","meta":{"_acf_changed":false,"inline_featured_image":false,"footnotes":""},"categories":[20],"tags":[445,115],"class_list":["post-6021","post","type-post","status-publish","format-standard","has-post-thumbnail","hentry","category-reportajes","tag-objectiulaterra-2-es","tag-formaciones-al-profesorado","generate-columns","tablet-grid-50","mobile-grid-100","grid-parent","grid-25"],"acf":[],"yoast_head":"<!-- This site is optimized with the Yoast SEO plugin v25.5 - https:\/\/yoast.com\/wordpress\/plugins\/seo\/ -->\n<title>Objectiu la Terra: La rob\u00f2tica educativa en las situaciones de aprendizaje - Habilis<\/title>\n<meta name=\"robots\" content=\"index, follow, max-snippet:-1, max-image-preview:large, max-video-preview:-1\" \/>\n<link rel=\"canonical\" href=\"https:\/\/habilis.ro-botica.com\/es\/objectiu-la-terra-la-robotica-educativa-en-les-situacions-daprentatge\/\" \/>\n<meta property=\"og:locale\" content=\"es_ES\" \/>\n<meta property=\"og:type\" content=\"article\" \/>\n<meta property=\"og:title\" content=\"Objectiu la Terra: La rob\u00f2tica educativa en las situaciones de aprendizaje - Habilis\" \/>\n<meta property=\"og:description\" content=\"La LOMLOE (Ley Org\u00e1nica de modificaci\u00f3n de la Ley Org\u00e1nica de Educaci\u00f3n) de 2020 establece que, para lograr que los ...\" \/>\n<meta property=\"og:url\" content=\"https:\/\/habilis.ro-botica.com\/es\/objectiu-la-terra-la-robotica-educativa-en-les-situacions-daprentatge\/\" \/>\n<meta property=\"og:site_name\" content=\"Habilis\" \/>\n<meta property=\"article:published_time\" content=\"2024-05-23T10:02:41+00:00\" \/>\n<meta property=\"article:modified_time\" content=\"2024-07-05T10:21:48+00:00\" \/>\n<meta property=\"og:image\" content=\"https:\/\/habilis.ro-botica.com\/wp-content\/uploads\/2024\/05\/Petit-callela.jpg\" \/>\n\t<meta property=\"og:image:width\" content=\"500\" \/>\n\t<meta property=\"og:image:height\" content=\"500\" \/>\n\t<meta property=\"og:image:type\" content=\"image\/jpeg\" \/>\n<meta name=\"author\" content=\"Olga Vallejo\" \/>\n<meta name=\"twitter:card\" content=\"summary_large_image\" \/>\n<meta name=\"twitter:creator\" content=\"@HabilisCat\" \/>\n<meta name=\"twitter:site\" content=\"@HabilisCat\" \/>\n<meta name=\"twitter:label1\" content=\"Escrito por\" \/>\n\t<meta name=\"twitter:data1\" content=\"Olga Vallejo\" \/>\n\t<meta name=\"twitter:label2\" content=\"Tiempo de lectura\" \/>\n\t<meta name=\"twitter:data2\" content=\"5 minutos\" \/>\n<script type=\"application\/ld+json\" class=\"yoast-schema-graph\">{\"@context\":\"https:\/\/schema.org\",\"@graph\":[{\"@type\":\"Article\",\"@id\":\"https:\/\/habilis.ro-botica.com\/es\/objectiu-la-terra-la-robotica-educativa-en-les-situacions-daprentatge\/#article\",\"isPartOf\":{\"@id\":\"https:\/\/habilis.ro-botica.com\/es\/objectiu-la-terra-la-robotica-educativa-en-les-situacions-daprentatge\/\"},\"author\":{\"name\":\"Olga Vallejo\",\"@id\":\"https:\/\/habilis.ro-botica.com\/es\/#\/schema\/person\/c45c1143bcb45f55b07c9768367b10a9\"},\"headline\":\"Objectiu la Terra: La rob\u00f2tica educativa en las situaciones de aprendizaje\",\"datePublished\":\"2024-05-23T10:02:41+00:00\",\"dateModified\":\"2024-07-05T10:21:48+00:00\",\"mainEntityOfPage\":{\"@id\":\"https:\/\/habilis.ro-botica.com\/es\/objectiu-la-terra-la-robotica-educativa-en-les-situacions-daprentatge\/\"},\"wordCount\":815,\"publisher\":{\"@id\":\"https:\/\/habilis.ro-botica.com\/es\/#organization\"},\"image\":{\"@id\":\"https:\/\/habilis.ro-botica.com\/es\/objectiu-la-terra-la-robotica-educativa-en-les-situacions-daprentatge\/#primaryimage\"},\"thumbnailUrl\":\"https:\/\/habilis.ro-botica.com\/wp-content\/uploads\/2024\/05\/Petit-callela.jpg\",\"keywords\":[\"#Objectiulaterra\",\"Formaciones al profesorado\"],\"articleSection\":[\"Reportajes\"],\"inLanguage\":\"es\"},{\"@type\":\"WebPage\",\"@id\":\"https:\/\/habilis.ro-botica.com\/es\/objectiu-la-terra-la-robotica-educativa-en-les-situacions-daprentatge\/\",\"url\":\"https:\/\/habilis.ro-botica.com\/es\/objectiu-la-terra-la-robotica-educativa-en-les-situacions-daprentatge\/\",\"name\":\"Objectiu la Terra: La rob\u00f2tica educativa en las situaciones de aprendizaje - Habilis\",\"isPartOf\":{\"@id\":\"https:\/\/habilis.ro-botica.com\/es\/#website\"},\"primaryImageOfPage\":{\"@id\":\"https:\/\/habilis.ro-botica.com\/es\/objectiu-la-terra-la-robotica-educativa-en-les-situacions-daprentatge\/#primaryimage\"},\"image\":{\"@id\":\"https:\/\/habilis.ro-botica.com\/es\/objectiu-la-terra-la-robotica-educativa-en-les-situacions-daprentatge\/#primaryimage\"},\"thumbnailUrl\":\"https:\/\/habilis.ro-botica.com\/wp-content\/uploads\/2024\/05\/Petit-callela.jpg\",\"datePublished\":\"2024-05-23T10:02:41+00:00\",\"dateModified\":\"2024-07-05T10:21:48+00:00\",\"breadcrumb\":{\"@id\":\"https:\/\/habilis.ro-botica.com\/es\/objectiu-la-terra-la-robotica-educativa-en-les-situacions-daprentatge\/#breadcrumb\"},\"inLanguage\":\"es\",\"potentialAction\":[{\"@type\":\"ReadAction\",\"target\":[\"https:\/\/habilis.ro-botica.com\/es\/objectiu-la-terra-la-robotica-educativa-en-les-situacions-daprentatge\/\"]}]},{\"@type\":\"ImageObject\",\"inLanguage\":\"es\",\"@id\":\"https:\/\/habilis.ro-botica.com\/es\/objectiu-la-terra-la-robotica-educativa-en-les-situacions-daprentatge\/#primaryimage\",\"url\":\"https:\/\/habilis.ro-botica.com\/wp-content\/uploads\/2024\/05\/Petit-callela.jpg\",\"contentUrl\":\"https:\/\/habilis.ro-botica.com\/wp-content\/uploads\/2024\/05\/Petit-callela.jpg\",\"width\":500,\"height\":500},{\"@type\":\"BreadcrumbList\",\"@id\":\"https:\/\/habilis.ro-botica.com\/es\/objectiu-la-terra-la-robotica-educativa-en-les-situacions-daprentatge\/#breadcrumb\",\"itemListElement\":[{\"@type\":\"ListItem\",\"position\":1,\"name\":\"Portada\",\"item\":\"https:\/\/habilis.ro-botica.com\/es\/\"},{\"@type\":\"ListItem\",\"position\":2,\"name\":\"Objectiu la Terra: La rob\u00f2tica educativa en las situaciones de aprendizaje\"}]},{\"@type\":\"WebSite\",\"@id\":\"https:\/\/habilis.ro-botica.com\/es\/#website\",\"url\":\"https:\/\/habilis.ro-botica.com\/es\/\",\"name\":\"Habilis\",\"description\":\"Aprende con las manos\",\"publisher\":{\"@id\":\"https:\/\/habilis.ro-botica.com\/es\/#organization\"},\"potentialAction\":[{\"@type\":\"SearchAction\",\"target\":{\"@type\":\"EntryPoint\",\"urlTemplate\":\"https:\/\/habilis.ro-botica.com\/es\/?s={search_term_string}\"},\"query-input\":{\"@type\":\"PropertyValueSpecification\",\"valueRequired\":true,\"valueName\":\"search_term_string\"}}],\"inLanguage\":\"es\"},{\"@type\":\"Organization\",\"@id\":\"https:\/\/habilis.ro-botica.com\/es\/#organization\",\"name\":\"Habilis\",\"url\":\"https:\/\/habilis.ro-botica.com\/es\/\",\"logo\":{\"@type\":\"ImageObject\",\"inLanguage\":\"es\",\"@id\":\"https:\/\/habilis.ro-botica.com\/es\/#\/schema\/logo\/image\/\",\"url\":\"https:\/\/habilis.ro-botica.com\/wp-content\/uploads\/2023\/08\/logo-habilis-430.png\",\"contentUrl\":\"https:\/\/habilis.ro-botica.com\/wp-content\/uploads\/2023\/08\/logo-habilis-430.png\",\"width\":888,\"height\":189,\"caption\":\"Habilis\"},\"image\":{\"@id\":\"https:\/\/habilis.ro-botica.com\/es\/#\/schema\/logo\/image\/\"},\"sameAs\":[\"https:\/\/x.com\/HabilisCat\",\"https:\/\/www.instagram.com\/habiliscat\/\",\"https:\/\/www.linkedin.com\/company\/habiliscat\/about\/\"]},{\"@type\":\"Person\",\"@id\":\"https:\/\/habilis.ro-botica.com\/es\/#\/schema\/person\/c45c1143bcb45f55b07c9768367b10a9\",\"name\":\"Olga Vallejo\",\"image\":{\"@type\":\"ImageObject\",\"inLanguage\":\"es\",\"@id\":\"https:\/\/habilis.ro-botica.com\/es\/#\/schema\/person\/image\/\",\"url\":\"https:\/\/secure.gravatar.com\/avatar\/a5be36e9bcb32f17528c4b5812d7330962b8c1b0f06faf882558f8cfa3bfd494?s=96&d=mm&r=g\",\"contentUrl\":\"https:\/\/secure.gravatar.com\/avatar\/a5be36e9bcb32f17528c4b5812d7330962b8c1b0f06faf882558f8cfa3bfd494?s=96&d=mm&r=g\",\"caption\":\"Olga Vallejo\"},\"url\":\"https:\/\/habilis.ro-botica.com\/es\/author\/olga-vallejo\/\"}]}<\/script>\n<!-- \/ Yoast SEO plugin. -->","yoast_head_json":{"title":"Objectiu la Terra: La rob\u00f2tica educativa en las situaciones de aprendizaje - Habilis","robots":{"index":"index","follow":"follow","max-snippet":"max-snippet:-1","max-image-preview":"max-image-preview:large","max-video-preview":"max-video-preview:-1"},"canonical":"https:\/\/habilis.ro-botica.com\/es\/objectiu-la-terra-la-robotica-educativa-en-les-situacions-daprentatge\/","og_locale":"es_ES","og_type":"article","og_title":"Objectiu la Terra: La rob\u00f2tica educativa en las situaciones de aprendizaje - Habilis","og_description":"La LOMLOE (Ley Org\u00e1nica de modificaci\u00f3n de la Ley Org\u00e1nica de Educaci\u00f3n) de 2020 establece que, para lograr que los ...","og_url":"https:\/\/habilis.ro-botica.com\/es\/objectiu-la-terra-la-robotica-educativa-en-les-situacions-daprentatge\/","og_site_name":"Habilis","article_published_time":"2024-05-23T10:02:41+00:00","article_modified_time":"2024-07-05T10:21:48+00:00","og_image":[{"width":500,"height":500,"url":"https:\/\/habilis.ro-botica.com\/wp-content\/uploads\/2024\/05\/Petit-callela.jpg","type":"image\/jpeg"}],"author":"Olga Vallejo","twitter_card":"summary_large_image","twitter_creator":"@HabilisCat","twitter_site":"@HabilisCat","twitter_misc":{"Escrito por":"Olga Vallejo","Tiempo de lectura":"5 minutos"},"schema":{"@context":"https:\/\/schema.org","@graph":[{"@type":"Article","@id":"https:\/\/habilis.ro-botica.com\/es\/objectiu-la-terra-la-robotica-educativa-en-les-situacions-daprentatge\/#article","isPartOf":{"@id":"https:\/\/habilis.ro-botica.com\/es\/objectiu-la-terra-la-robotica-educativa-en-les-situacions-daprentatge\/"},"author":{"name":"Olga Vallejo","@id":"https:\/\/habilis.ro-botica.com\/es\/#\/schema\/person\/c45c1143bcb45f55b07c9768367b10a9"},"headline":"Objectiu la Terra: La rob\u00f2tica educativa en las situaciones de aprendizaje","datePublished":"2024-05-23T10:02:41+00:00","dateModified":"2024-07-05T10:21:48+00:00","mainEntityOfPage":{"@id":"https:\/\/habilis.ro-botica.com\/es\/objectiu-la-terra-la-robotica-educativa-en-les-situacions-daprentatge\/"},"wordCount":815,"publisher":{"@id":"https:\/\/habilis.ro-botica.com\/es\/#organization"},"image":{"@id":"https:\/\/habilis.ro-botica.com\/es\/objectiu-la-terra-la-robotica-educativa-en-les-situacions-daprentatge\/#primaryimage"},"thumbnailUrl":"https:\/\/habilis.ro-botica.com\/wp-content\/uploads\/2024\/05\/Petit-callela.jpg","keywords":["#Objectiulaterra","Formaciones al profesorado"],"articleSection":["Reportajes"],"inLanguage":"es"},{"@type":"WebPage","@id":"https:\/\/habilis.ro-botica.com\/es\/objectiu-la-terra-la-robotica-educativa-en-les-situacions-daprentatge\/","url":"https:\/\/habilis.ro-botica.com\/es\/objectiu-la-terra-la-robotica-educativa-en-les-situacions-daprentatge\/","name":"Objectiu la Terra: La rob\u00f2tica educativa en las situaciones de aprendizaje - Habilis","isPartOf":{"@id":"https:\/\/habilis.ro-botica.com\/es\/#website"},"primaryImageOfPage":{"@id":"https:\/\/habilis.ro-botica.com\/es\/objectiu-la-terra-la-robotica-educativa-en-les-situacions-daprentatge\/#primaryimage"},"image":{"@id":"https:\/\/habilis.ro-botica.com\/es\/objectiu-la-terra-la-robotica-educativa-en-les-situacions-daprentatge\/#primaryimage"},"thumbnailUrl":"https:\/\/habilis.ro-botica.com\/wp-content\/uploads\/2024\/05\/Petit-callela.jpg","datePublished":"2024-05-23T10:02:41+00:00","dateModified":"2024-07-05T10:21:48+00:00","breadcrumb":{"@id":"https:\/\/habilis.ro-botica.com\/es\/objectiu-la-terra-la-robotica-educativa-en-les-situacions-daprentatge\/#breadcrumb"},"inLanguage":"es","potentialAction":[{"@type":"ReadAction","target":["https:\/\/habilis.ro-botica.com\/es\/objectiu-la-terra-la-robotica-educativa-en-les-situacions-daprentatge\/"]}]},{"@type":"ImageObject","inLanguage":"es","@id":"https:\/\/habilis.ro-botica.com\/es\/objectiu-la-terra-la-robotica-educativa-en-les-situacions-daprentatge\/#primaryimage","url":"https:\/\/habilis.ro-botica.com\/wp-content\/uploads\/2024\/05\/Petit-callela.jpg","contentUrl":"https:\/\/habilis.ro-botica.com\/wp-content\/uploads\/2024\/05\/Petit-callela.jpg","width":500,"height":500},{"@type":"BreadcrumbList","@id":"https:\/\/habilis.ro-botica.com\/es\/objectiu-la-terra-la-robotica-educativa-en-les-situacions-daprentatge\/#breadcrumb","itemListElement":[{"@type":"ListItem","position":1,"name":"Portada","item":"https:\/\/habilis.ro-botica.com\/es\/"},{"@type":"ListItem","position":2,"name":"Objectiu la Terra: La rob\u00f2tica educativa en las situaciones de aprendizaje"}]},{"@type":"WebSite","@id":"https:\/\/habilis.ro-botica.com\/es\/#website","url":"https:\/\/habilis.ro-botica.com\/es\/","name":"Habilis","description":"Aprende con las manos","publisher":{"@id":"https:\/\/habilis.ro-botica.com\/es\/#organization"},"potentialAction":[{"@type":"SearchAction","target":{"@type":"EntryPoint","urlTemplate":"https:\/\/habilis.ro-botica.com\/es\/?s={search_term_string}"},"query-input":{"@type":"PropertyValueSpecification","valueRequired":true,"valueName":"search_term_string"}}],"inLanguage":"es"},{"@type":"Organization","@id":"https:\/\/habilis.ro-botica.com\/es\/#organization","name":"Habilis","url":"https:\/\/habilis.ro-botica.com\/es\/","logo":{"@type":"ImageObject","inLanguage":"es","@id":"https:\/\/habilis.ro-botica.com\/es\/#\/schema\/logo\/image\/","url":"https:\/\/habilis.ro-botica.com\/wp-content\/uploads\/2023\/08\/logo-habilis-430.png","contentUrl":"https:\/\/habilis.ro-botica.com\/wp-content\/uploads\/2023\/08\/logo-habilis-430.png","width":888,"height":189,"caption":"Habilis"},"image":{"@id":"https:\/\/habilis.ro-botica.com\/es\/#\/schema\/logo\/image\/"},"sameAs":["https:\/\/x.com\/HabilisCat","https:\/\/www.instagram.com\/habiliscat\/","https:\/\/www.linkedin.com\/company\/habiliscat\/about\/"]},{"@type":"Person","@id":"https:\/\/habilis.ro-botica.com\/es\/#\/schema\/person\/c45c1143bcb45f55b07c9768367b10a9","name":"Olga Vallejo","image":{"@type":"ImageObject","inLanguage":"es","@id":"https:\/\/habilis.ro-botica.com\/es\/#\/schema\/person\/image\/","url":"https:\/\/secure.gravatar.com\/avatar\/a5be36e9bcb32f17528c4b5812d7330962b8c1b0f06faf882558f8cfa3bfd494?s=96&d=mm&r=g","contentUrl":"https:\/\/secure.gravatar.com\/avatar\/a5be36e9bcb32f17528c4b5812d7330962b8c1b0f06faf882558f8cfa3bfd494?s=96&d=mm&r=g","caption":"Olga Vallejo"},"url":"https:\/\/habilis.ro-botica.com\/es\/author\/olga-vallejo\/"}]}},"_links":{"self":[{"href":"https:\/\/habilis.ro-botica.com\/es\/wp-json\/wp\/v2\/posts\/6021","targetHints":{"allow":["GET"]}}],"collection":[{"href":"https:\/\/habilis.ro-botica.com\/es\/wp-json\/wp\/v2\/posts"}],"about":[{"href":"https:\/\/habilis.ro-botica.com\/es\/wp-json\/wp\/v2\/types\/post"}],"author":[{"embeddable":true,"href":"https:\/\/habilis.ro-botica.com\/es\/wp-json\/wp\/v2\/users\/14"}],"replies":[{"embeddable":true,"href":"https:\/\/habilis.ro-botica.com\/es\/wp-json\/wp\/v2\/comments?post=6021"}],"version-history":[{"count":0,"href":"https:\/\/habilis.ro-botica.com\/es\/wp-json\/wp\/v2\/posts\/6021\/revisions"}],"wp:featuredmedia":[{"embeddable":true,"href":"https:\/\/habilis.ro-botica.com\/es\/wp-json\/wp\/v2\/media\/4888"}],"wp:attachment":[{"href":"https:\/\/habilis.ro-botica.com\/es\/wp-json\/wp\/v2\/media?parent=6021"}],"wp:term":[{"taxonomy":"category","embeddable":true,"href":"https:\/\/habilis.ro-botica.com\/es\/wp-json\/wp\/v2\/categories?post=6021"},{"taxonomy":"post_tag","embeddable":true,"href":"https:\/\/habilis.ro-botica.com\/es\/wp-json\/wp\/v2\/tags?post=6021"}],"curies":[{"name":"wp","href":"https:\/\/api.w.org\/{rel}","templated":true}]}}