{"id":6026,"date":"2024-05-07T12:43:19","date_gmt":"2024-05-07T11:43:19","guid":{"rendered":"https:\/\/habilis.ro-botica.com\/sin-categorizar\/realitat-augmentada-i-virtual-a-les-classes-deducacio-fisica\/"},"modified":"2024-09-10T15:43:23","modified_gmt":"2024-09-10T14:43:23","slug":"realitat-augmentada-i-virtual-a-les-classes-deducacio-fisica","status":"publish","type":"post","link":"https:\/\/habilis.ro-botica.com\/es\/realitat-augmentada-i-virtual-a-les-classes-deducacio-fisica\/","title":{"rendered":"Realidad augmentada y virtual en las clases de educaci\u00f3n f\u00edsica"},"content":{"rendered":"\n<p>A menudo tendemos a pensar que la rob\u00f3tica educativa es una disciplina que solo tiene espacio en las materias cient\u00edficas y tecnol\u00f3gicas de las escuelas, pero el curso <em>Objectiu: la Terra, c\u00f3mo mejorarla desde el espacio<\/em> ha demostrado su gran capacidad interdisciplinar.<\/p>\n\n\n\n<p>En este curso de capacitaci\u00f3n digital, organizado por Habilis (Abacus), la Federaci\u00f3 d&#8217;Escoles Cristianes de Catalunya y Blanquerna (Universitat Ramon Llull), no solo han participado docentes de matem\u00e1ticas, tecnolog\u00eda o inform\u00e1tica, sino que tambi\u00e9n han formado parte otros de lenguas, filosof\u00eda, educaci\u00f3n especial y, incluso, educaci\u00f3n f\u00edsica.<\/p>\n\n\n\n<p>Es el caso de Jordi Arteman, docente de la Escola Casa Nostra de Banyoles, uno de los centros participantes de \u00abObjetiu: la Terra\u00bb. \u00c9l es profesor de educaci\u00f3n f\u00edsica y durante el \u00faltimo a\u00f1o ha aplicado los conocimientos adquiridos durante el curso y ha aprovechado el material educativo que ha llegado a las escuelas participantes para llevar la rob\u00f3tica educativa a sus actividades.<\/p>\n\n\n\n<p><strong>\u00bfPor qu\u00e9 decidiste probar la rob\u00f3tica educativa en tus clases? <br><\/strong>Es una forma de trabajar el pensamiento computacional, que es un \u00e1rea que en la educaci\u00f3n f\u00edsica tambi\u00e9n se trabaja mucho: tienes que ser ingenioso, tener estrategia, probar el ensayo-error y analizar en qu\u00e9 se ha fallado para provocar cambios en el comportamiento. Por ejemplo, cuando decides una estrategia para conducir y lanzar una pelota, est\u00e1s trabajando la misma zona neuronal que cuando experimentas con la rob\u00f3tica educativa.<\/p>\n\n\n\n<p><strong>\u00bfCrees que el curso ha servido tambi\u00e9n para romper estos estereotipos por los que pensamos que la rob\u00f3tica se debe reducir a las asignaturas t\u00e9cnicas y cient\u00edficas? <br><\/strong>Yo creo que s\u00ed, es una herramienta muy transversal. Por ejemplo, la educaci\u00f3n f\u00edsica nos sirve para trabajar la motricidad fina, que en un futuro puede ser \u00fatil para un alumno que termine siendo cirujano y tenga que manipular una m\u00e1quina de gran precisi\u00f3n. La rob\u00f3tica educativa es una buena herramienta para trabajar este tipo de motricidad en nuestras clases.<\/p>\n\n\n\n<figure class=\"wp-block-image size-large is-resized\"><img loading=\"lazy\" decoding=\"async\" width=\"1024\" height=\"768\" src=\"https:\/\/habilis.ro-botica.com\/wp-content\/uploads\/2024\/05\/Educacio-fisica-merge-cube-1-1024x768.jpg\" alt=\"Educaci\u00f3 f\u00edsica merge cube\" class=\"wp-image-3847\" style=\"width:753px;height:auto\" srcset=\"https:\/\/habilis.ro-botica.com\/wp-content\/uploads\/2024\/05\/Educacio-fisica-merge-cube-1-1024x768.jpg 1024w, https:\/\/habilis.ro-botica.com\/wp-content\/uploads\/2024\/05\/Educacio-fisica-merge-cube-1-300x225.jpg 300w, https:\/\/habilis.ro-botica.com\/wp-content\/uploads\/2024\/05\/Educacio-fisica-merge-cube-1-768x576.jpg 768w, https:\/\/habilis.ro-botica.com\/wp-content\/uploads\/2024\/05\/Educacio-fisica-merge-cube-1-100x75.jpg 100w, https:\/\/habilis.ro-botica.com\/wp-content\/uploads\/2024\/05\/Educacio-fisica-merge-cube-1-600x450.jpg 600w, https:\/\/habilis.ro-botica.com\/wp-content\/uploads\/2024\/05\/Educacio-fisica-merge-cube-1.jpg 1080w\" sizes=\"auto, (max-width: 1024px) 100vw, 1024px\" \/><figcaption class=\"wp-element-caption\">Los Merge Cube fueron los protagonistas de la carrera de orientaci\u00f3n | Jordi Arteman<\/figcaption><\/figure>\n\n\n\n<p><strong>Con tus alumnos has utilizado los Merge Cube y las gafas de realidad virtual. Expl\u00edcanos las din\u00e1micas de estas clases.<\/strong><br>La actividad con las gafas virtuales se me ocurri\u00f3 cuando est\u00e1bamos trabajando los deportes de red, como el v\u00f3lei o el b\u00e1dminton con los alumnos de 4\u00ba de ESO. Mi idea inicial era que pudieran jugar con las gafas a alg\u00fan juego de cuatro contra cuatro o de dos contra dos, como el ping-pong y el tenis. Comenc\u00e9 a investigar y todas las opciones eran de pago y, como era nuestra primera experiencia, decid\u00ed buscar alguna otra alternativa que no supusiera un costo para el centro educativo. Finalmente, utilizamos el juego Hyper Dash, que es similar al paintball y que nos sirvi\u00f3 para trabajar la movilidad y la precisi\u00f3n. La verdad es que los alumnos lo disfrutaron mucho y me sorprendi\u00f3 la tranquilidad con la que jugaban.<\/p>\n\n\n\n<p>La segunda actividad fue con los de 3\u00ba de ESO y trabajamos la Realidad Aumentada a trav\u00e9s de los Merge Cube. Despu\u00e9s de varias pr\u00e1cticas en el aprendizaje de la navegaci\u00f3n con br\u00fajula digital y talonamiento, ped\u00ed al alumnado que viniera a la escuela con un cubo de Merge construido de papel.<\/p>\n\n\n\n<p>El d\u00eda de la sesi\u00f3n, el alumnado dispon\u00eda de un mapa con puntos de paso marcados, que eran de paso obligatorio y se deb\u00edan marcar en una ficha de control. Asimismo, exist\u00edan varias metas ocultas a las que se acced\u00eda a trav\u00e9s de coordenadas y distancias marcadas con pasos. Una vez encontraban la meta final, hab\u00eda un C\u00f3digo QR que los llevaba hasta la APP ObjectViewer, con la cual deb\u00edan interactuar con su Merge Cube y seguir las instrucciones descritas en el mismo papel de la meta. El equipo ganador era el que enviaba una foto del equipo con una reproducci\u00f3n del transbordador espacial que aparec\u00eda en medio de la pista polideportiva de la escuela.<\/p>\n\n\n\n<figure class=\"wp-block-image size-large\"><img loading=\"lazy\" decoding=\"async\" width=\"1024\" height=\"664\" src=\"https:\/\/habilis.ro-botica.com\/wp-content\/uploads\/2024\/05\/Educacio-fisica-ulleres-RV-qntc0b6ck6mic6yyddkgebqfxx3fxm2cypyr8yw66w-1024x664.jpg\" alt=\"\" class=\"wp-image-3472\" srcset=\"https:\/\/habilis.ro-botica.com\/wp-content\/uploads\/2024\/05\/Educacio-fisica-ulleres-RV-qntc0b6ck6mic6yyddkgebqfxx3fxm2cypyr8yw66w-1024x664.jpg 1024w, https:\/\/habilis.ro-botica.com\/wp-content\/uploads\/2024\/05\/Educacio-fisica-ulleres-RV-qntc0b6ck6mic6yyddkgebqfxx3fxm2cypyr8yw66w-300x194.jpg 300w, https:\/\/habilis.ro-botica.com\/wp-content\/uploads\/2024\/05\/Educacio-fisica-ulleres-RV-qntc0b6ck6mic6yyddkgebqfxx3fxm2cypyr8yw66w-768x498.jpg 768w, https:\/\/habilis.ro-botica.com\/wp-content\/uploads\/2024\/05\/Educacio-fisica-ulleres-RV-qntc0b6ck6mic6yyddkgebqfxx3fxm2cypyr8yw66w-100x65.jpg 100w, https:\/\/habilis.ro-botica.com\/wp-content\/uploads\/2024\/05\/Educacio-fisica-ulleres-RV-qntc0b6ck6mic6yyddkgebqfxx3fxm2cypyr8yw66w-600x389.jpg 600w, https:\/\/habilis.ro-botica.com\/wp-content\/uploads\/2024\/05\/Educacio-fisica-ulleres-RV-qntc0b6ck6mic6yyddkgebqfxx3fxm2cypyr8yw66w.jpg 1080w\" sizes=\"auto, (max-width: 1024px) 100vw, 1024px\" \/><figcaption class=\"wp-element-caption\">Las gafas de realidad virtual tambi\u00e9n se han utilizado en el aula | Jordi Arteman<\/figcaption><\/figure>\n\n\n\n<p><strong>\u00bfCrees que este tipo de herramientas pueden ser \u00fatiles para motivar a alumnos que quiz\u00e1s no suelen sentirse interesados por la educaci\u00f3n f\u00edsica?<\/strong><br>Creo que s\u00ed. El d\u00eda de las gafas virtuales, mientras controlaba el grupo que las estaba probando, tambi\u00e9n ten\u00eda que supervisar al resto de la clase que estaba fuera en el patio practicando varios deportes de red. Al principio, esto me causaba cierta preocupaci\u00f3n porque quiz\u00e1 hubiera necesitado un segundo profesor para controlar ambos espacios, pero fue una gran alegr\u00eda ver que finalmente no fue necesario porque todos participaron correctamente.<\/p>\n\n\n\n<p>Otro ejemplo es la carrera de orientaci\u00f3n, que estaba pensada para durar una hora y los alumnos la completaron en 40 minutos. Los ve\u00edas correr arriba y abajo por el patio de la escuela. Esto no lo har\u00edan si no estuvieran muy motivados.<\/p>\n\n\n\n<p><strong>Hace unos meses hablamos de clubes deportivos que ya utilizan las nuevas tecnolog\u00edas en sus entrenamientos. \u00bfCrees que en el futuro se normalizar\u00e1 su presencia en los deportes y las clases de educaci\u00f3n f\u00edsica?<\/strong><br>En el futuro y tambi\u00e9n en el presente. Es el ejemplo de los deportes rob\u00f3ticos: vemos carreras de coches electr\u00f3nicos, simuladores de f\u00fatbol o de ciclismo, luchas de robots\u2026 son \u00e1mbitos donde la rob\u00f3tica va de la mano de lo f\u00edsico y lo cibern\u00e9tico. La First Lego League, por ejemplo, no deja de ser una competici\u00f3n de rob\u00f3tica, en la que hay mucho ingenio para alcanzar unos objetivos que debe cumplir el robot. Quiz\u00e1s no lo podemos considerar \u00abeducaci\u00f3n f\u00edsica\u00bb, pero detr\u00e1s hay un pensamiento computacional y una motricidad fina para crear los elementos del robot, y seguro que cuando los robots compiten, \u00a1a los alumnos y al entrenador se les pone el coraz\u00f3n a cien! Por lo tanto, vemos que la actividad f\u00edsica tiene muchos \u00e1ngulos.<\/p>\n\n\n\n<figure class=\"wp-block-image size-large\"><img loading=\"lazy\" decoding=\"async\" width=\"1024\" height=\"284\" src=\"https:\/\/habilis.ro-botica.com\/wp-content\/uploads\/2024\/05\/Faldo-logos-sencer-1024x284.png\" alt=\"\" class=\"wp-image-4843\" srcset=\"https:\/\/habilis.ro-botica.com\/wp-content\/uploads\/2024\/05\/Faldo-logos-sencer-1024x284.png 1024w, https:\/\/habilis.ro-botica.com\/wp-content\/uploads\/2024\/05\/Faldo-logos-sencer-300x83.png 300w, https:\/\/habilis.ro-botica.com\/wp-content\/uploads\/2024\/05\/Faldo-logos-sencer-768x213.png 768w, https:\/\/habilis.ro-botica.com\/wp-content\/uploads\/2024\/05\/Faldo-logos-sencer-100x28.png 100w, https:\/\/habilis.ro-botica.com\/wp-content\/uploads\/2024\/05\/Faldo-logos-sencer-600x167.png 600w, https:\/\/habilis.ro-botica.com\/wp-content\/uploads\/2024\/05\/Faldo-logos-sencer.png 1080w\" sizes=\"auto, (max-width: 1024px) 100vw, 1024px\" \/><\/figure>\n","protected":false},"excerpt":{"rendered":"<p>La Escola Casa Nostra ha sido una de las participantes del curso &#8216;Objectiu: la Terra&#8217;.<\/p>\n","protected":false},"author":8,"featured_media":4207,"comment_status":"closed","ping_status":"closed","sticky":false,"template":"","format":"standard","meta":{"_acf_changed":false,"inline_featured_image":false,"footnotes":""},"categories":[20],"tags":[],"class_list":["post-6026","post","type-post","status-publish","format-standard","has-post-thumbnail","hentry","category-reportajes","generate-columns","tablet-grid-50","mobile-grid-100","grid-parent","grid-25"],"acf":[],"yoast_head":"<!-- This site is optimized with the Yoast SEO plugin v25.5 - https:\/\/yoast.com\/wordpress\/plugins\/seo\/ -->\n<title>Realidad augmentada y virtual en las clases de educaci\u00f3n f\u00edsica - Habilis<\/title>\n<meta name=\"robots\" content=\"index, follow, max-snippet:-1, max-image-preview:large, max-video-preview:-1\" \/>\n<link rel=\"canonical\" href=\"https:\/\/habilis.ro-botica.com\/es\/realitat-augmentada-i-virtual-a-les-classes-deducacio-fisica\/\" \/>\n<meta property=\"og:locale\" content=\"es_ES\" \/>\n<meta property=\"og:type\" content=\"article\" \/>\n<meta property=\"og:title\" content=\"Realidad augmentada y virtual en las clases de educaci\u00f3n f\u00edsica - Habilis\" \/>\n<meta property=\"og:description\" content=\"La Escola Casa Nostra ha sido una de las participantes del curso &#039;Objectiu: la Terra&#039;.\" \/>\n<meta property=\"og:url\" content=\"https:\/\/habilis.ro-botica.com\/es\/realitat-augmentada-i-virtual-a-les-classes-deducacio-fisica\/\" \/>\n<meta property=\"og:site_name\" content=\"Habilis\" \/>\n<meta property=\"article:published_time\" content=\"2024-05-07T11:43:19+00:00\" \/>\n<meta property=\"article:modified_time\" content=\"2024-09-10T14:43:23+00:00\" \/>\n<meta property=\"og:image\" content=\"https:\/\/habilis.ro-botica.com\/wp-content\/uploads\/2024\/05\/Educacio-Fisica-Getty.jpg\" \/>\n\t<meta property=\"og:image:width\" content=\"500\" \/>\n\t<meta property=\"og:image:height\" content=\"500\" \/>\n\t<meta property=\"og:image:type\" content=\"image\/jpeg\" \/>\n<meta name=\"author\" content=\"Sonia Casas\" \/>\n<meta name=\"twitter:card\" content=\"summary_large_image\" \/>\n<meta name=\"twitter:creator\" content=\"@HabilisCat\" \/>\n<meta name=\"twitter:site\" content=\"@HabilisCat\" \/>\n<meta name=\"twitter:label1\" content=\"Escrito por\" \/>\n\t<meta name=\"twitter:data1\" content=\"Sonia Casas\" \/>\n\t<meta name=\"twitter:label2\" content=\"Tiempo de lectura\" \/>\n\t<meta name=\"twitter:data2\" content=\"7 minutos\" \/>\n<script type=\"application\/ld+json\" class=\"yoast-schema-graph\">{\"@context\":\"https:\/\/schema.org\",\"@graph\":[{\"@type\":\"Article\",\"@id\":\"https:\/\/habilis.ro-botica.com\/es\/realitat-augmentada-i-virtual-a-les-classes-deducacio-fisica\/#article\",\"isPartOf\":{\"@id\":\"https:\/\/habilis.ro-botica.com\/es\/realitat-augmentada-i-virtual-a-les-classes-deducacio-fisica\/\"},\"author\":{\"name\":\"Sonia Casas\",\"@id\":\"https:\/\/habilis.ro-botica.com\/es\/#\/schema\/person\/60009f61efec1e98190e7d0e078084eb\"},\"headline\":\"Realidad augmentada y virtual en las clases de educaci\u00f3n f\u00edsica\",\"datePublished\":\"2024-05-07T11:43:19+00:00\",\"dateModified\":\"2024-09-10T14:43:23+00:00\",\"mainEntityOfPage\":{\"@id\":\"https:\/\/habilis.ro-botica.com\/es\/realitat-augmentada-i-virtual-a-les-classes-deducacio-fisica\/\"},\"wordCount\":1052,\"publisher\":{\"@id\":\"https:\/\/habilis.ro-botica.com\/es\/#organization\"},\"image\":{\"@id\":\"https:\/\/habilis.ro-botica.com\/es\/realitat-augmentada-i-virtual-a-les-classes-deducacio-fisica\/#primaryimage\"},\"thumbnailUrl\":\"https:\/\/habilis.ro-botica.com\/wp-content\/uploads\/2024\/05\/Educacio-Fisica-Getty.jpg\",\"articleSection\":[\"Reportajes\"],\"inLanguage\":\"es\"},{\"@type\":\"WebPage\",\"@id\":\"https:\/\/habilis.ro-botica.com\/es\/realitat-augmentada-i-virtual-a-les-classes-deducacio-fisica\/\",\"url\":\"https:\/\/habilis.ro-botica.com\/es\/realitat-augmentada-i-virtual-a-les-classes-deducacio-fisica\/\",\"name\":\"Realidad augmentada y virtual en las clases de educaci\u00f3n f\u00edsica - Habilis\",\"isPartOf\":{\"@id\":\"https:\/\/habilis.ro-botica.com\/es\/#website\"},\"primaryImageOfPage\":{\"@id\":\"https:\/\/habilis.ro-botica.com\/es\/realitat-augmentada-i-virtual-a-les-classes-deducacio-fisica\/#primaryimage\"},\"image\":{\"@id\":\"https:\/\/habilis.ro-botica.com\/es\/realitat-augmentada-i-virtual-a-les-classes-deducacio-fisica\/#primaryimage\"},\"thumbnailUrl\":\"https:\/\/habilis.ro-botica.com\/wp-content\/uploads\/2024\/05\/Educacio-Fisica-Getty.jpg\",\"datePublished\":\"2024-05-07T11:43:19+00:00\",\"dateModified\":\"2024-09-10T14:43:23+00:00\",\"breadcrumb\":{\"@id\":\"https:\/\/habilis.ro-botica.com\/es\/realitat-augmentada-i-virtual-a-les-classes-deducacio-fisica\/#breadcrumb\"},\"inLanguage\":\"es\",\"potentialAction\":[{\"@type\":\"ReadAction\",\"target\":[\"https:\/\/habilis.ro-botica.com\/es\/realitat-augmentada-i-virtual-a-les-classes-deducacio-fisica\/\"]}]},{\"@type\":\"ImageObject\",\"inLanguage\":\"es\",\"@id\":\"https:\/\/habilis.ro-botica.com\/es\/realitat-augmentada-i-virtual-a-les-classes-deducacio-fisica\/#primaryimage\",\"url\":\"https:\/\/habilis.ro-botica.com\/wp-content\/uploads\/2024\/05\/Educacio-Fisica-Getty.jpg\",\"contentUrl\":\"https:\/\/habilis.ro-botica.com\/wp-content\/uploads\/2024\/05\/Educacio-Fisica-Getty.jpg\",\"width\":500,\"height\":500},{\"@type\":\"BreadcrumbList\",\"@id\":\"https:\/\/habilis.ro-botica.com\/es\/realitat-augmentada-i-virtual-a-les-classes-deducacio-fisica\/#breadcrumb\",\"itemListElement\":[{\"@type\":\"ListItem\",\"position\":1,\"name\":\"Portada\",\"item\":\"https:\/\/habilis.ro-botica.com\/es\/\"},{\"@type\":\"ListItem\",\"position\":2,\"name\":\"Realidad augmentada y virtual en las clases de educaci\u00f3n f\u00edsica\"}]},{\"@type\":\"WebSite\",\"@id\":\"https:\/\/habilis.ro-botica.com\/es\/#website\",\"url\":\"https:\/\/habilis.ro-botica.com\/es\/\",\"name\":\"Habilis\",\"description\":\"Aprende con las manos\",\"publisher\":{\"@id\":\"https:\/\/habilis.ro-botica.com\/es\/#organization\"},\"potentialAction\":[{\"@type\":\"SearchAction\",\"target\":{\"@type\":\"EntryPoint\",\"urlTemplate\":\"https:\/\/habilis.ro-botica.com\/es\/?s={search_term_string}\"},\"query-input\":{\"@type\":\"PropertyValueSpecification\",\"valueRequired\":true,\"valueName\":\"search_term_string\"}}],\"inLanguage\":\"es\"},{\"@type\":\"Organization\",\"@id\":\"https:\/\/habilis.ro-botica.com\/es\/#organization\",\"name\":\"Habilis\",\"url\":\"https:\/\/habilis.ro-botica.com\/es\/\",\"logo\":{\"@type\":\"ImageObject\",\"inLanguage\":\"es\",\"@id\":\"https:\/\/habilis.ro-botica.com\/es\/#\/schema\/logo\/image\/\",\"url\":\"https:\/\/habilis.ro-botica.com\/wp-content\/uploads\/2023\/08\/logo-habilis-430.png\",\"contentUrl\":\"https:\/\/habilis.ro-botica.com\/wp-content\/uploads\/2023\/08\/logo-habilis-430.png\",\"width\":888,\"height\":189,\"caption\":\"Habilis\"},\"image\":{\"@id\":\"https:\/\/habilis.ro-botica.com\/es\/#\/schema\/logo\/image\/\"},\"sameAs\":[\"https:\/\/x.com\/HabilisCat\",\"https:\/\/www.instagram.com\/habiliscat\/\",\"https:\/\/www.linkedin.com\/company\/habiliscat\/about\/\"]},{\"@type\":\"Person\",\"@id\":\"https:\/\/habilis.ro-botica.com\/es\/#\/schema\/person\/60009f61efec1e98190e7d0e078084eb\",\"name\":\"Sonia Casas\",\"image\":{\"@type\":\"ImageObject\",\"inLanguage\":\"es\",\"@id\":\"https:\/\/habilis.ro-botica.com\/es\/#\/schema\/person\/image\/\",\"url\":\"https:\/\/secure.gravatar.com\/avatar\/6002057f48fc1ac4a6681358706c052820c36d34349fe9aa09b21fc7fbb9ea39?s=96&d=mm&r=g\",\"contentUrl\":\"https:\/\/secure.gravatar.com\/avatar\/6002057f48fc1ac4a6681358706c052820c36d34349fe9aa09b21fc7fbb9ea39?s=96&d=mm&r=g\",\"caption\":\"Sonia Casas\"},\"url\":\"https:\/\/habilis.ro-botica.com\/es\/author\/s-casas\/\"}]}<\/script>\n<!-- \/ Yoast SEO plugin. -->","yoast_head_json":{"title":"Realidad augmentada y virtual en las clases de educaci\u00f3n f\u00edsica - Habilis","robots":{"index":"index","follow":"follow","max-snippet":"max-snippet:-1","max-image-preview":"max-image-preview:large","max-video-preview":"max-video-preview:-1"},"canonical":"https:\/\/habilis.ro-botica.com\/es\/realitat-augmentada-i-virtual-a-les-classes-deducacio-fisica\/","og_locale":"es_ES","og_type":"article","og_title":"Realidad augmentada y virtual en las clases de educaci\u00f3n f\u00edsica - Habilis","og_description":"La Escola Casa Nostra ha sido una de las participantes del curso 'Objectiu: la Terra'.","og_url":"https:\/\/habilis.ro-botica.com\/es\/realitat-augmentada-i-virtual-a-les-classes-deducacio-fisica\/","og_site_name":"Habilis","article_published_time":"2024-05-07T11:43:19+00:00","article_modified_time":"2024-09-10T14:43:23+00:00","og_image":[{"width":500,"height":500,"url":"https:\/\/habilis.ro-botica.com\/wp-content\/uploads\/2024\/05\/Educacio-Fisica-Getty.jpg","type":"image\/jpeg"}],"author":"Sonia Casas","twitter_card":"summary_large_image","twitter_creator":"@HabilisCat","twitter_site":"@HabilisCat","twitter_misc":{"Escrito por":"Sonia Casas","Tiempo de lectura":"7 minutos"},"schema":{"@context":"https:\/\/schema.org","@graph":[{"@type":"Article","@id":"https:\/\/habilis.ro-botica.com\/es\/realitat-augmentada-i-virtual-a-les-classes-deducacio-fisica\/#article","isPartOf":{"@id":"https:\/\/habilis.ro-botica.com\/es\/realitat-augmentada-i-virtual-a-les-classes-deducacio-fisica\/"},"author":{"name":"Sonia Casas","@id":"https:\/\/habilis.ro-botica.com\/es\/#\/schema\/person\/60009f61efec1e98190e7d0e078084eb"},"headline":"Realidad augmentada y virtual en las clases de educaci\u00f3n f\u00edsica","datePublished":"2024-05-07T11:43:19+00:00","dateModified":"2024-09-10T14:43:23+00:00","mainEntityOfPage":{"@id":"https:\/\/habilis.ro-botica.com\/es\/realitat-augmentada-i-virtual-a-les-classes-deducacio-fisica\/"},"wordCount":1052,"publisher":{"@id":"https:\/\/habilis.ro-botica.com\/es\/#organization"},"image":{"@id":"https:\/\/habilis.ro-botica.com\/es\/realitat-augmentada-i-virtual-a-les-classes-deducacio-fisica\/#primaryimage"},"thumbnailUrl":"https:\/\/habilis.ro-botica.com\/wp-content\/uploads\/2024\/05\/Educacio-Fisica-Getty.jpg","articleSection":["Reportajes"],"inLanguage":"es"},{"@type":"WebPage","@id":"https:\/\/habilis.ro-botica.com\/es\/realitat-augmentada-i-virtual-a-les-classes-deducacio-fisica\/","url":"https:\/\/habilis.ro-botica.com\/es\/realitat-augmentada-i-virtual-a-les-classes-deducacio-fisica\/","name":"Realidad augmentada y virtual en las clases de educaci\u00f3n f\u00edsica - Habilis","isPartOf":{"@id":"https:\/\/habilis.ro-botica.com\/es\/#website"},"primaryImageOfPage":{"@id":"https:\/\/habilis.ro-botica.com\/es\/realitat-augmentada-i-virtual-a-les-classes-deducacio-fisica\/#primaryimage"},"image":{"@id":"https:\/\/habilis.ro-botica.com\/es\/realitat-augmentada-i-virtual-a-les-classes-deducacio-fisica\/#primaryimage"},"thumbnailUrl":"https:\/\/habilis.ro-botica.com\/wp-content\/uploads\/2024\/05\/Educacio-Fisica-Getty.jpg","datePublished":"2024-05-07T11:43:19+00:00","dateModified":"2024-09-10T14:43:23+00:00","breadcrumb":{"@id":"https:\/\/habilis.ro-botica.com\/es\/realitat-augmentada-i-virtual-a-les-classes-deducacio-fisica\/#breadcrumb"},"inLanguage":"es","potentialAction":[{"@type":"ReadAction","target":["https:\/\/habilis.ro-botica.com\/es\/realitat-augmentada-i-virtual-a-les-classes-deducacio-fisica\/"]}]},{"@type":"ImageObject","inLanguage":"es","@id":"https:\/\/habilis.ro-botica.com\/es\/realitat-augmentada-i-virtual-a-les-classes-deducacio-fisica\/#primaryimage","url":"https:\/\/habilis.ro-botica.com\/wp-content\/uploads\/2024\/05\/Educacio-Fisica-Getty.jpg","contentUrl":"https:\/\/habilis.ro-botica.com\/wp-content\/uploads\/2024\/05\/Educacio-Fisica-Getty.jpg","width":500,"height":500},{"@type":"BreadcrumbList","@id":"https:\/\/habilis.ro-botica.com\/es\/realitat-augmentada-i-virtual-a-les-classes-deducacio-fisica\/#breadcrumb","itemListElement":[{"@type":"ListItem","position":1,"name":"Portada","item":"https:\/\/habilis.ro-botica.com\/es\/"},{"@type":"ListItem","position":2,"name":"Realidad augmentada y virtual en las clases de educaci\u00f3n f\u00edsica"}]},{"@type":"WebSite","@id":"https:\/\/habilis.ro-botica.com\/es\/#website","url":"https:\/\/habilis.ro-botica.com\/es\/","name":"Habilis","description":"Aprende con las manos","publisher":{"@id":"https:\/\/habilis.ro-botica.com\/es\/#organization"},"potentialAction":[{"@type":"SearchAction","target":{"@type":"EntryPoint","urlTemplate":"https:\/\/habilis.ro-botica.com\/es\/?s={search_term_string}"},"query-input":{"@type":"PropertyValueSpecification","valueRequired":true,"valueName":"search_term_string"}}],"inLanguage":"es"},{"@type":"Organization","@id":"https:\/\/habilis.ro-botica.com\/es\/#organization","name":"Habilis","url":"https:\/\/habilis.ro-botica.com\/es\/","logo":{"@type":"ImageObject","inLanguage":"es","@id":"https:\/\/habilis.ro-botica.com\/es\/#\/schema\/logo\/image\/","url":"https:\/\/habilis.ro-botica.com\/wp-content\/uploads\/2023\/08\/logo-habilis-430.png","contentUrl":"https:\/\/habilis.ro-botica.com\/wp-content\/uploads\/2023\/08\/logo-habilis-430.png","width":888,"height":189,"caption":"Habilis"},"image":{"@id":"https:\/\/habilis.ro-botica.com\/es\/#\/schema\/logo\/image\/"},"sameAs":["https:\/\/x.com\/HabilisCat","https:\/\/www.instagram.com\/habiliscat\/","https:\/\/www.linkedin.com\/company\/habiliscat\/about\/"]},{"@type":"Person","@id":"https:\/\/habilis.ro-botica.com\/es\/#\/schema\/person\/60009f61efec1e98190e7d0e078084eb","name":"Sonia Casas","image":{"@type":"ImageObject","inLanguage":"es","@id":"https:\/\/habilis.ro-botica.com\/es\/#\/schema\/person\/image\/","url":"https:\/\/secure.gravatar.com\/avatar\/6002057f48fc1ac4a6681358706c052820c36d34349fe9aa09b21fc7fbb9ea39?s=96&d=mm&r=g","contentUrl":"https:\/\/secure.gravatar.com\/avatar\/6002057f48fc1ac4a6681358706c052820c36d34349fe9aa09b21fc7fbb9ea39?s=96&d=mm&r=g","caption":"Sonia Casas"},"url":"https:\/\/habilis.ro-botica.com\/es\/author\/s-casas\/"}]}},"_links":{"self":[{"href":"https:\/\/habilis.ro-botica.com\/es\/wp-json\/wp\/v2\/posts\/6026","targetHints":{"allow":["GET"]}}],"collection":[{"href":"https:\/\/habilis.ro-botica.com\/es\/wp-json\/wp\/v2\/posts"}],"about":[{"href":"https:\/\/habilis.ro-botica.com\/es\/wp-json\/wp\/v2\/types\/post"}],"author":[{"embeddable":true,"href":"https:\/\/habilis.ro-botica.com\/es\/wp-json\/wp\/v2\/users\/8"}],"replies":[{"embeddable":true,"href":"https:\/\/habilis.ro-botica.com\/es\/wp-json\/wp\/v2\/comments?post=6026"}],"version-history":[{"count":1,"href":"https:\/\/habilis.ro-botica.com\/es\/wp-json\/wp\/v2\/posts\/6026\/revisions"}],"predecessor-version":[{"id":6273,"href":"https:\/\/habilis.ro-botica.com\/es\/wp-json\/wp\/v2\/posts\/6026\/revisions\/6273"}],"wp:featuredmedia":[{"embeddable":true,"href":"https:\/\/habilis.ro-botica.com\/es\/wp-json\/wp\/v2\/media\/4207"}],"wp:attachment":[{"href":"https:\/\/habilis.ro-botica.com\/es\/wp-json\/wp\/v2\/media?parent=6026"}],"wp:term":[{"taxonomy":"category","embeddable":true,"href":"https:\/\/habilis.ro-botica.com\/es\/wp-json\/wp\/v2\/categories?post=6026"},{"taxonomy":"post_tag","embeddable":true,"href":"https:\/\/habilis.ro-botica.com\/es\/wp-json\/wp\/v2\/tags?post=6026"}],"curies":[{"name":"wp","href":"https:\/\/api.w.org\/{rel}","templated":true}]}}